{"id":30621,"date":"2018-03-23T19:26:23","date_gmt":"2018-03-23T19:26:23","guid":{"rendered":"https:\/\/goiasemtempo.com.br\/home\/?p=30621"},"modified":"2018-03-23T19:26:23","modified_gmt":"2018-03-23T19:26:23","slug":"empresarios-apresentam-iniciativas-para-incentivar-consumo-responsavel-da-agua","status":"publish","type":"post","link":"https:\/\/goiasemtempo.com.br\/home\/empresarios-apresentam-iniciativas-para-incentivar-consumo-responsavel-da-agua\/","title":{"rendered":"Empres\u00e1rios apresentam iniciativas para incentivar consumo respons\u00e1vel da \u00e1gua"},"content":{"rendered":"<p>Em um momento de mudan\u00e7as clim\u00e1ticas em que a escassez de \u00e1gua se torna um problema cada vez mais recorrente, a articula\u00e7\u00e3o do setor privado com o governo, a academia e as entidades da sociedade civil torna-se cada vez mais essencial para garantir o abastecimento para o futuro. Esta foi a mensagem que dirigentes de algumas das maiores empresas do pa\u00eds e do mundo passaram hoje (19) no segundo dia do 8\u00ba F\u00f3rum Mundial da \u00c1gua.<\/p>\n<p>No debate, representantes da ind\u00fastria, de empresas de tecnologia e de saneamento apresentaram algumas das iniciativas que t\u00eam tomado para racionalizar o consumo de \u00e1gua e distribuir o acesso \u00e0s comunidades pr\u00f3ximas das f\u00e1bricas.<\/p>\n<p>Na abertura do semin\u00e1rio, a presidente do Conselho Empresarial Brasileiro para o Desenvolvimento Sustent\u00e1vel (Cebds), Marina Grossi, chamou a aten\u00e7\u00e3o para a import\u00e2ncia de o empresariado articular-se com a sociedade para fazer frente ao desafio da mudan\u00e7a clim\u00e1tica. \u201cAs empresas sozinhas n\u00e3o podem fazer tudo. Elas est\u00e3o nas comunidades, conversando com os governos. A gente precisa evoluir muito mais para garantir o abastecimento de \u00e1gua, afetado pelos eventos extremos trazidos pelas mudan\u00e7as clim\u00e1ticas\u201d, declarou.<\/p>\n<p>Formado por 60 dos maiores grupos empresariais do pa\u00eds, o Cebds lan\u00e7ou neste domingo (18) um guia com experi\u00eancias bem-sucedidas de empresas na gest\u00e3o h\u00eddrica. Segundo Marina, as a\u00e7\u00f5es abrangem n\u00e3o apenas a redu\u00e7\u00e3o do desperd\u00edcio, mas tamb\u00e9m a preserva\u00e7\u00e3o das bacias hidrogr\u00e1ficas e as rela\u00e7\u00f5es com as comunidades.<\/p>\n<p>Diretor de Opera\u00e7\u00f5es do Conselho Empresarial Mundial para o Desenvolvimento Sustent\u00e1vel, associa\u00e7\u00e3o internacional de empres\u00e1rios formada depois da 21\u00aa Confer\u00eancia do Clima em Paris, Peter White disse que as empresas precisam dar sua contribui\u00e7\u00e3o para universalizar o acesso \u00e0 \u00e1gua no Brasil, onde 17% da popula\u00e7\u00e3o vive sem \u00e1gua tratada e 43% n\u00e3o t\u00eam saneamento b\u00e1sico. \u201cAl\u00e9m da mensura\u00e7\u00e3o e da an\u00e1lise dos dados, as empresas devem adotar um comprometimento global com a gest\u00e3o dos recursos h\u00eddricos\u201d, acrescentou.<\/p>\n<p>Exemplos<\/p>\n<p>O presidente da Coca-Cola no Brasil, Henrique Braun, disse que a companhia est\u00e1 comprometida com a economia de \u00e1gua. SegundoBraun, a empresa cumpriu em 2013, com sete anos de anteced\u00eancia, a meta de ser neutra em \u00e1gua, devolvendo ao meio ambiente toda a \u00e1gua que consome. \u201cHoje, n\u00f3s retornamos para o meio ambiente o dobro de \u00e1gua que consumimos.\u201d<\/p>\n<p>Braun, no entanto, declarou que as empresas n\u00e3o devem limitar as a\u00e7\u00f5es \u00e0 economia de \u00e1gua. Ele ressaltou que a Coca Cola abriu o acesso a oito fontes de \u00e1gua de propriedade da empresa a comunidades vizinhas e que a iniciativa beneficia 50 mil pessoas em 100 comunidades.<\/p>\n<p>O diretor global de Sustentabilidade da Ambev, Tony Milikin, declarou que as ind\u00fastrias de bebidas precisam se adaptar a um cen\u00e1rio de \u00e1gua cada vez mais restrita para n\u00e3o terem a sobreviv\u00eancia comprometida. \u201cO maior ingrediente da cerveja \u00e9 a \u00e1gua. Se ind\u00fastrias como a nossa n\u00e3o fizerem o que estamos fazendo, elas n\u00e3o sobreviver\u00e3o\u201d, disse. De acordo com Milikin, os consumidores est\u00e3o dispostos a pagar mais caro por produtos fabricados corretamente, respeitando as normas ambientais.<\/p>\n<p>Milikin disse que a companhia tamb\u00e9m bombeia \u00e1gua para algumas comunidades com escassez h\u00eddrica e que a empresa est\u00e1 se engajando na orienta\u00e7\u00e3o a fazendeiros para uma gest\u00e3o respons\u00e1vel da \u00e1gua. \u201cSe formos levar em conta a produ\u00e7\u00e3o agr\u00edcola, o milho, a cevada cont\u00eam muita \u00e1gua usada consumida na forma de irriga\u00e7\u00e3o\u201d, disse. Uma boa ideia, acrescentou, seria um aplicativo que reunisse as melhores pr\u00e1ticas de gerenciamento dos recursos h\u00eddricos por diversas empresas.<\/p>\n<p>Inova\u00e7\u00e3o<\/p>\n<p>Presidente da Ecolab, multinacional que oferece tecnologias e servi\u00e7os de \u00e1gua, higiene e energia, Orson Ledezma defendeu a amplia\u00e7\u00e3o da pesquisa e do desenvolvimento de inova\u00e7\u00f5es para racionalizar o consumo de \u00e1gua pelas empresas. \u201cPara que aconte\u00e7am mudan\u00e7as no ciclo empresarial, as empresas precisam identificar os riscos associados ao uso da \u00e1gua e os perigos nas suas opera\u00e7\u00f5es e no descarte, com o estabelecimento de par\u00e2metros de qualidade. A tecnologia pode identificar onde est\u00e3o os riscos para desenvolver estrat\u00e9gias e planos de gest\u00e3o h\u00eddrica.\u201d<\/p>\n<p>Diretora industrial da empresa de petroqu\u00edmica Braskem, Ana Carolina Viana disse que as estrat\u00e9gias para economizar \u00e1gua devem ser pensadas no longo prazo. \u201cQual impacto sobre as empresas e as comunidades? N\u00e3o h\u00e1 como viabilizar o compromisso com a \u00e1gua sem uma estrat\u00e9gia de longo prazo. O empres\u00e1rio precisa ter em mente que muitas iniciativas n\u00e3o t\u00eam resultado no curto prazo, mas trazem benef\u00edcios mais \u00e0 frente\u201d, explicou.<\/p>\n<p>A presidente da empresa de saneamento BRK Ambiental, Teresa Vernaglia disse que a discuss\u00e3o sobre o consumo da \u00e1gua tamb\u00e9m passa pela amplia\u00e7\u00e3o do tratamento da \u00e1gua e do esgoto. \u201c\u00c9 uma grata surpresa que estamos falando tanto sobre saneamento num evento sobre restri\u00e7\u00e3o h\u00eddrica. N\u00e3o faz sentido falar em restri\u00e7\u00e3o \u00e1 \u00e1gua ao mesmo tempo em que milh\u00f5es de litros de esgoto s\u00e3o enviados para nossos mananciais e nossas praias diariamente\u201d, destacou.<\/p>\n<p>De acordo com Teresa, uma cidade com saneamento b\u00e1sico registra 17 mil interna\u00e7\u00f5es por diarreia a cada 100 mil habitantes por ano, contra uma m\u00e9dia de 111 mil interna\u00e7\u00f5es em uma localidade sem esgoto tratado.<\/p>\n<p>Edi\u00e7\u00e3o: N\u00e1dia Franco<\/p>\n","protected":false},"excerpt":{"rendered":"<p>Em um momento de mudan\u00e7as clim\u00e1ticas em que a escassez de \u00e1gua se torna um problema cada vez mais recorrente, a articula\u00e7\u00e3o do setor privado com o governo, a academia e as entidades da sociedade civil torna-se cada vez mais essencial para garantir o abastecimento para o futuro. Esta foi a mensagem que dirigentes de &hellip;<\/p>\n","protected":false},"author":2,"featured_media":30356,"comment_status":"open","ping_status":"open","sticky":false,"template":"","format":"standard","meta":{"_exactmetrics_skip_tracking":false,"_exactmetrics_sitenote_active":false,"_exactmetrics_sitenote_note":"","_exactmetrics_sitenote_category":0,"footnotes":""},"categories":[4],"tags":[],"_links":{"self":[{"href":"https:\/\/goiasemtempo.com.br\/home\/wp-json\/wp\/v2\/posts\/30621"}],"collection":[{"href":"https:\/\/goiasemtempo.com.br\/home\/wp-json\/wp\/v2\/posts"}],"about":[{"href":"https:\/\/goiasemtempo.com.br\/home\/wp-json\/wp\/v2\/types\/post"}],"author":[{"embeddable":true,"href":"https:\/\/goiasemtempo.com.br\/home\/wp-json\/wp\/v2\/users\/2"}],"replies":[{"embeddable":true,"href":"https:\/\/goiasemtempo.com.br\/home\/wp-json\/wp\/v2\/comments?post=30621"}],"version-history":[{"count":1,"href":"https:\/\/goiasemtempo.com.br\/home\/wp-json\/wp\/v2\/posts\/30621\/revisions"}],"predecessor-version":[{"id":30622,"href":"https:\/\/goiasemtempo.com.br\/home\/wp-json\/wp\/v2\/posts\/30621\/revisions\/30622"}],"wp:featuredmedia":[{"embeddable":true,"href":"https:\/\/goiasemtempo.com.br\/home\/wp-json\/wp\/v2\/media\/30356"}],"wp:attachment":[{"href":"https:\/\/goiasemtempo.com.br\/home\/wp-json\/wp\/v2\/media?parent=30621"}],"wp:term":[{"taxonomy":"category","embeddable":true,"href":"https:\/\/goiasemtempo.com.br\/home\/wp-json\/wp\/v2\/categories?post=30621"},{"taxonomy":"post_tag","embeddable":true,"href":"https:\/\/goiasemtempo.com.br\/home\/wp-json\/wp\/v2\/tags?post=30621"}],"curies":[{"name":"wp","href":"https:\/\/api.w.org\/{rel}","templated":true}]}}