{"id":30611,"date":"2018-03-23T19:23:06","date_gmt":"2018-03-23T19:23:06","guid":{"rendered":"https:\/\/goiasemtempo.com.br\/home\/?p=30611"},"modified":"2018-03-23T19:23:06","modified_gmt":"2018-03-23T19:23:06","slug":"inauguracao-de-penitenciaria-de-seguranca-maxima-em-brasilia-e-adiada","status":"publish","type":"post","link":"https:\/\/goiasemtempo.com.br\/home\/inauguracao-de-penitenciaria-de-seguranca-maxima-em-brasilia-e-adiada\/","title":{"rendered":"Inaugura\u00e7\u00e3o de penitenci\u00e1ria de seguran\u00e7a m\u00e1xima em Bras\u00edlia \u00e9 adiada"},"content":{"rendered":"<p>A quinta penitenci\u00e1ria federal de seguran\u00e7a m\u00e1xima do pa\u00eds, constru\u00edda em Bras\u00edlia, estava com data de inaugura\u00e7\u00e3o agendada para hoje (20), mas a abertura foi adiada. De acordo com a assessoria de comunica\u00e7\u00e3o do Departamento Penitenci\u00e1rio Nacional (Depen), a decis\u00e3o foi tomada ontem (19) e ainda n\u00e3o h\u00e1 nova data prevista.<\/p>\n<p>Em novembro do ano passado, foi anunciado que o pres\u00eddio funcionaria a partir de mar\u00e7o. O governo acabava de receber o pr\u00e9dio e teria quatro meses para avaliar a necessidade de adequa\u00e7\u00f5es a serem feitas pela construtora respons\u00e1vel pela obra.<\/p>\n<p>A unidade deveria ter sido entregue em dezembro de 2014. O atraso de quase tr\u00eas anos, de acordo com o governo, ocorreu porque a construtora que venceu a licita\u00e7\u00e3o faliu e abandonou a obra.<\/p>\n<p>Atualmente, est\u00e3o em funcionamento quatro penitenci\u00e1rias federais: em Catanduvas, Paran\u00e1; em Campo Grande, Mato Grosso do Sul; em Mossor\u00f3, Rio Grande do Norte; e em Porto Velho, Rond\u00f4nia.<\/p>\n<p>Assim como as demais unidades, o pres\u00eddio em Bras\u00edlia tem capacidade para 208 detentos que s\u00e3o submetidos ao regime disciplinar diferenciado. O pres\u00eddio ser\u00e1 destinado a presos de alta periculosidade, abrigando por exemplo, l\u00edderes das fac\u00e7\u00f5es.<\/p>\n<p>O Departamento Penitenci\u00e1rio Federal, respons\u00e1vel pela unidade, est\u00e1 agora sob a gest\u00e3o do rec\u00e9m-criado Minist\u00e9rio da Seguran\u00e7a P\u00fablica, comandado pelo ministro Raul Jungmann.<\/p>\n<p>A Ag\u00eancia Brasil questionou sobre o motivo da suspens\u00e3o, mas at\u00e9 o momento ele n\u00e3o foi informado.<\/p>\n<p>Edi\u00e7\u00e3o: Lidia Neves<\/p>\n","protected":false},"excerpt":{"rendered":"<p>A quinta penitenci\u00e1ria federal de seguran\u00e7a m\u00e1xima do pa\u00eds, constru\u00edda em Bras\u00edlia, estava com data de inaugura\u00e7\u00e3o agendada para hoje (20), mas a abertura foi adiada. De acordo com a assessoria de comunica\u00e7\u00e3o do Departamento Penitenci\u00e1rio Nacional (Depen), a decis\u00e3o foi tomada ontem (19) e ainda n\u00e3o h\u00e1 nova data prevista. Em novembro do ano &hellip;<\/p>\n","protected":false},"author":2,"featured_media":30351,"comment_status":"open","ping_status":"open","sticky":false,"template":"","format":"standard","meta":{"_exactmetrics_skip_tracking":false,"_exactmetrics_sitenote_active":false,"_exactmetrics_sitenote_note":"","_exactmetrics_sitenote_category":0,"footnotes":""},"categories":[4],"tags":[],"_links":{"self":[{"href":"https:\/\/goiasemtempo.com.br\/home\/wp-json\/wp\/v2\/posts\/30611"}],"collection":[{"href":"https:\/\/goiasemtempo.com.br\/home\/wp-json\/wp\/v2\/posts"}],"about":[{"href":"https:\/\/goiasemtempo.com.br\/home\/wp-json\/wp\/v2\/types\/post"}],"author":[{"embeddable":true,"href":"https:\/\/goiasemtempo.com.br\/home\/wp-json\/wp\/v2\/users\/2"}],"replies":[{"embeddable":true,"href":"https:\/\/goiasemtempo.com.br\/home\/wp-json\/wp\/v2\/comments?post=30611"}],"version-history":[{"count":1,"href":"https:\/\/goiasemtempo.com.br\/home\/wp-json\/wp\/v2\/posts\/30611\/revisions"}],"predecessor-version":[{"id":30612,"href":"https:\/\/goiasemtempo.com.br\/home\/wp-json\/wp\/v2\/posts\/30611\/revisions\/30612"}],"wp:featuredmedia":[{"embeddable":true,"href":"https:\/\/goiasemtempo.com.br\/home\/wp-json\/wp\/v2\/media\/30351"}],"wp:attachment":[{"href":"https:\/\/goiasemtempo.com.br\/home\/wp-json\/wp\/v2\/media?parent=30611"}],"wp:term":[{"taxonomy":"category","embeddable":true,"href":"https:\/\/goiasemtempo.com.br\/home\/wp-json\/wp\/v2\/categories?post=30611"},{"taxonomy":"post_tag","embeddable":true,"href":"https:\/\/goiasemtempo.com.br\/home\/wp-json\/wp\/v2\/tags?post=30611"}],"curies":[{"name":"wp","href":"https:\/\/api.w.org\/{rel}","templated":true}]}}