{"id":30593,"date":"2018-03-23T19:17:11","date_gmt":"2018-03-23T19:17:11","guid":{"rendered":"https:\/\/goiasemtempo.com.br\/home\/?p=30593"},"modified":"2018-03-23T19:17:11","modified_gmt":"2018-03-23T19:17:11","slug":"temer-pede-a-braga-netto-celeridade-na-solucao-do-assassinato-de-marielle","status":"publish","type":"post","link":"https:\/\/goiasemtempo.com.br\/home\/temer-pede-a-braga-netto-celeridade-na-solucao-do-assassinato-de-marielle\/","title":{"rendered":"Temer pede a Braga Netto celeridade na solu\u00e7\u00e3o do assassinato de Marielle"},"content":{"rendered":"<p>O presidente Michel Temer conversou na \u00faltima sexta-feira (16) com o general Walter Souza Braga Netto, interventor na seguran\u00e7a p\u00fablica do Rio de Janeiro para pedir celeridade nas investiga\u00e7\u00f5es do assassinato da vereadora Marielle Franco (PSOL) e de seu motorista Anderson Gomes.<\/p>\n<p>\u201cA determina\u00e7\u00e3o \u00e9 para apurar no menor prazo poss\u00edvel. Falei, inclusive, com o general Braga na sexta-feira para envidar todos os esfor\u00e7os e todos os recursos dispon\u00edveis para logo solucionar essa quest\u00e3o\u201d, disse Temer a jornalistas ap\u00f3s solenidade de abertura do 8\u00ba F\u00f3rum Mundial da \u00c1gua.<\/p>\n<p>Marielle foi assassinada na noite da \u00faltima quarta-feira (14) com quatro tiros na cabe\u00e7a, quando ia para casa no bairro da Tijuca, zona norte do Rio, retornando de um evento ligado ao movimento negro, na Lapa. A parlamentar viajava no banco de tr\u00e1s do carro, quando os criminosos emparelharam com o carro e atiraram nove vezes. Anderson tamb\u00e9m foi alvejado e morreu. Uma assessora que tamb\u00e9m estava no carro sobreviveu ao ataque.<\/p>\n<p>Edi\u00e7\u00e3o: Fernando Fraga<\/p>\n","protected":false},"excerpt":{"rendered":"<p>O presidente Michel Temer conversou na \u00faltima sexta-feira (16) com o general Walter Souza Braga Netto, interventor na seguran\u00e7a p\u00fablica do Rio de Janeiro para pedir celeridade nas investiga\u00e7\u00f5es do assassinato da vereadora Marielle Franco (PSOL) e de seu motorista Anderson Gomes. \u201cA determina\u00e7\u00e3o \u00e9 para apurar no menor prazo poss\u00edvel. Falei, inclusive, com o &hellip;<\/p>\n","protected":false},"author":2,"featured_media":30342,"comment_status":"open","ping_status":"open","sticky":false,"template":"","format":"standard","meta":{"_exactmetrics_skip_tracking":false,"_exactmetrics_sitenote_active":false,"_exactmetrics_sitenote_note":"","_exactmetrics_sitenote_category":0,"footnotes":""},"categories":[4],"tags":[],"_links":{"self":[{"href":"https:\/\/goiasemtempo.com.br\/home\/wp-json\/wp\/v2\/posts\/30593"}],"collection":[{"href":"https:\/\/goiasemtempo.com.br\/home\/wp-json\/wp\/v2\/posts"}],"about":[{"href":"https:\/\/goiasemtempo.com.br\/home\/wp-json\/wp\/v2\/types\/post"}],"author":[{"embeddable":true,"href":"https:\/\/goiasemtempo.com.br\/home\/wp-json\/wp\/v2\/users\/2"}],"replies":[{"embeddable":true,"href":"https:\/\/goiasemtempo.com.br\/home\/wp-json\/wp\/v2\/comments?post=30593"}],"version-history":[{"count":1,"href":"https:\/\/goiasemtempo.com.br\/home\/wp-json\/wp\/v2\/posts\/30593\/revisions"}],"predecessor-version":[{"id":30594,"href":"https:\/\/goiasemtempo.com.br\/home\/wp-json\/wp\/v2\/posts\/30593\/revisions\/30594"}],"wp:featuredmedia":[{"embeddable":true,"href":"https:\/\/goiasemtempo.com.br\/home\/wp-json\/wp\/v2\/media\/30342"}],"wp:attachment":[{"href":"https:\/\/goiasemtempo.com.br\/home\/wp-json\/wp\/v2\/media?parent=30593"}],"wp:term":[{"taxonomy":"category","embeddable":true,"href":"https:\/\/goiasemtempo.com.br\/home\/wp-json\/wp\/v2\/categories?post=30593"},{"taxonomy":"post_tag","embeddable":true,"href":"https:\/\/goiasemtempo.com.br\/home\/wp-json\/wp\/v2\/tags?post=30593"}],"curies":[{"name":"wp","href":"https:\/\/api.w.org\/{rel}","templated":true}]}}