{"id":3019,"date":"2017-12-23T19:33:40","date_gmt":"2017-12-23T19:33:40","guid":{"rendered":"http:\/\/goiasemtempo.com.br\/home\/?p=3019"},"modified":"2017-12-23T19:33:40","modified_gmt":"2017-12-23T19:33:40","slug":"mpf-pede-manutencao-da-prisao-preventiva-de-jacob-barata-filho","status":"publish","type":"post","link":"https:\/\/goiasemtempo.com.br\/home\/mpf-pede-manutencao-da-prisao-preventiva-de-jacob-barata-filho\/","title":{"rendered":"MPF pede manuten\u00e7\u00e3o da pris\u00e3o preventiva de Jacob Barata Filho"},"content":{"rendered":"<p>A Procuradoria Regional da Rep\u00fablica da 2\u00aa Regi\u00e3o (PRR2) enviou ao Tribunal Regional Federal da 2\u00aa Regi\u00e3o (TRF2) uma manifesta\u00e7\u00e3o contr\u00e1ria \u00e0 revoga\u00e7\u00e3o da pris\u00e3o preventiva do empres\u00e1rio Jacob Barata Filho, que ser\u00e1 julgada amanh\u00e3 (20) pelos desembargadores, a pedido da defesa do r\u00e9u.<\/p>\n<p>No parecer encaminhado ao tribunal, os procuradores regionais da Rep\u00fablica M\u00f4nica de R\u00e9, Silvana Batini, Carlos Aguiar, Andr\u00e9a Bay\u00e3o e Neide Cardoso indicam que provas robustas da autoria e a materialidade da tentativa do empres\u00e1rio cometer o crime de evas\u00e3o de divisas, justificam a perman\u00eancia da pris\u00e3o determinada pela 7\u00aa Vara Federal Criminal do Rio de Janeiro.<br \/>\nRio de Janeiro &#8211; Em mais um desdobramento da Opera\u00e7\u00e3o Lava Jato, a Pol\u00edcia Federal cumpriu mandados de pris\u00e3o na opera\u00e7\u00e3o batizada de Ponto Final. Na foto o empres\u00e1rio Jacob Barata Filho, preso ontem (2) no Aerop<\/p>\n<p>O empres\u00e1rio Jacob Barata Filho foi preso no dia 2 de julho pela Pol\u00edcia Federal<\/p>\n<p>Barata Filho foi preso em flagrante em 2 de julho quando tentava embarcar, no Aeroporto Internacional Tom Jobim\/RIOgale\u00e3o para Lisboa. Conforme o Minist\u00e9rio P\u00fablico Federal e a Pol\u00edcia Federal, o empres\u00e1rio carregava na bagagem valores acima do permitido: 10.050 euros, US$2.750 e 100 francos su\u00ed\u00e7os.<\/p>\n<p>Barata Filho, foi denunciado pelo MPF em um desdobramento da Opera\u00e7\u00e3o Ponto Final por corrup\u00e7\u00e3o ativa, lavagem de dinheiro, crime contra o sistema financeiro e organiza\u00e7\u00e3o criminosa.<\/p>\n<p>O pedido que ser\u00e1 julgado pelo TRF2 foi feito pela defesa, que contesta a ordem de pris\u00e3o para reprimir evas\u00e3o de divisas, que segundo o MPF, ocorreria caso Barata Filho tivesse conseguido sair do pa\u00eds.<\/p>\n<p>Para os procuradores da PRR2, a troca da pris\u00e3o preventiva por medidas alternativas seria insuficiente e inadequada, uma vez que deixaria de impedir a continuidade de atividade criminosa. As provas que apoiam o parecer s\u00e3o resultado de investiga\u00e7\u00e3o da Pol\u00edcia Federal, de declara\u00e7\u00f5es de Barata Filho e de documentos apreendidos com o empres\u00e1rio, incluindo o documento sigiloso com a ordem de bloqueio de bens enviada ao Banco Guanabara, institui\u00e7\u00e3o da qual sua fam\u00edlia \u00e9 acionista.<\/p>\n","protected":false},"excerpt":{"rendered":"<p>A Procuradoria Regional da Rep\u00fablica da 2\u00aa Regi\u00e3o (PRR2) enviou ao Tribunal Regional Federal da 2\u00aa Regi\u00e3o (TRF2) uma manifesta\u00e7\u00e3o contr\u00e1ria \u00e0 revoga\u00e7\u00e3o da pris\u00e3o preventiva do empres\u00e1rio Jacob Barata Filho, que ser\u00e1 julgada amanh\u00e3 (20) pelos desembargadores, a pedido da defesa do r\u00e9u. No parecer encaminhado ao tribunal, os procuradores regionais da Rep\u00fablica M\u00f4nica &hellip;<\/p>\n","protected":false},"author":2,"featured_media":895,"comment_status":"open","ping_status":"open","sticky":false,"template":"","format":"standard","meta":{"_exactmetrics_skip_tracking":false,"_exactmetrics_sitenote_active":false,"_exactmetrics_sitenote_note":"","_exactmetrics_sitenote_category":0,"footnotes":""},"categories":[4],"tags":[],"_links":{"self":[{"href":"https:\/\/goiasemtempo.com.br\/home\/wp-json\/wp\/v2\/posts\/3019"}],"collection":[{"href":"https:\/\/goiasemtempo.com.br\/home\/wp-json\/wp\/v2\/posts"}],"about":[{"href":"https:\/\/goiasemtempo.com.br\/home\/wp-json\/wp\/v2\/types\/post"}],"author":[{"embeddable":true,"href":"https:\/\/goiasemtempo.com.br\/home\/wp-json\/wp\/v2\/users\/2"}],"replies":[{"embeddable":true,"href":"https:\/\/goiasemtempo.com.br\/home\/wp-json\/wp\/v2\/comments?post=3019"}],"version-history":[{"count":1,"href":"https:\/\/goiasemtempo.com.br\/home\/wp-json\/wp\/v2\/posts\/3019\/revisions"}],"predecessor-version":[{"id":3020,"href":"https:\/\/goiasemtempo.com.br\/home\/wp-json\/wp\/v2\/posts\/3019\/revisions\/3020"}],"wp:featuredmedia":[{"embeddable":true,"href":"https:\/\/goiasemtempo.com.br\/home\/wp-json\/wp\/v2\/media\/895"}],"wp:attachment":[{"href":"https:\/\/goiasemtempo.com.br\/home\/wp-json\/wp\/v2\/media?parent=3019"}],"wp:term":[{"taxonomy":"category","embeddable":true,"href":"https:\/\/goiasemtempo.com.br\/home\/wp-json\/wp\/v2\/categories?post=3019"},{"taxonomy":"post_tag","embeddable":true,"href":"https:\/\/goiasemtempo.com.br\/home\/wp-json\/wp\/v2\/tags?post=3019"}],"curies":[{"name":"wp","href":"https:\/\/api.w.org\/{rel}","templated":true}]}}