{"id":30117,"date":"2018-03-20T04:55:37","date_gmt":"2018-03-20T04:55:37","guid":{"rendered":"https:\/\/goiasemtempo.com.br\/home\/?p=30117"},"modified":"2018-03-20T04:55:37","modified_gmt":"2018-03-20T04:55:37","slug":"curso-superior-de-policia-forma-56-profissionais-de-seguranca-publica","status":"publish","type":"post","link":"https:\/\/goiasemtempo.com.br\/home\/curso-superior-de-policia-forma-56-profissionais-de-seguranca-publica\/","title":{"rendered":"Curso Superior de Pol\u00edcia forma 56 profissionais de seguran\u00e7a p\u00fablica"},"content":{"rendered":"<p>Ap\u00f3s dezoito meses, 56 alunos do Curso Superior de Pol\u00edcia (CSP)  conclu\u00edram a P\u00f3s-Gradua\u00e7\u00e3o, Gest\u00e3o em Seguran\u00e7a P\u00fablica. Com a gradua\u00e7\u00e3o, os profissionais est\u00e3o aptos para a \u00faltima progress\u00e3o na carreira e assumir postos de comando na gest\u00e3o administrativa da seguran\u00e7a. A entrega dos certificados ocorreu na manh\u00e3 desta sexta-feira (16.03), na Academia da Pol\u00edcia Judici\u00e1ria Civil.<\/p>\n<p>O Curso Superior de Pol\u00edcia (CSP\/2016\/2017) foi executado pela Pol\u00edcia Judici\u00e1ria Civil em conv\u00eanio com a Escola de Governo. Os alunos que se formaram s\u00e3o 39 delegados de pol\u00edcia, da capital e do interior, oito oficiais da Pol\u00edcia Militar, quatro oficiais do Corpo de Bombeiros, dois peritos da Politec e dois agentes da Pol\u00edcia Rodovi\u00e1ria Federal.<\/p>\n<p>O diretor da Academia da Pol\u00edcia Civil, Carlos Fernando da Cunha, explicou o curso. \u201cTrata-se de um curso de P\u00f3s-Gradua\u00e7\u00e3o lato sensu com dura\u00e7\u00e3o de 440 horas\/aulas e no final foram produzidos trabalhos de cunho monogr\u00e1fico de pesquisa cient\u00edfica defendidos em banca p\u00fablica. Esse trabalho visa \u00e0 progress\u00e3o, seja de oficiais ou delegados, para o \u00faltimo degrau na carreira profissional, no caso dos delegados a classe especial, e dos oficiais ao cargo de coronel, que \u00e9 o cargo mais alto na gest\u00e3o da administra\u00e7\u00e3o da seguran\u00e7a p\u00fablica\u201d, disse.<\/p>\n<p>O Curso Superior de Pol\u00edcia prepara delegados da Pol\u00edcia Civil e oficiais superiores da Pol\u00edcia Militar, Corpo de Bombeiros, peritos da Politec, agentes da PRF, para cargos mais elevados em suas institui\u00e7\u00f5es. As disciplinas s\u00e3o direcionadas a oferecer conhecimento e ferramentas de trabalho para que os profissionais desenvolvam com compet\u00eancia a incumb\u00eancia de lideran\u00e7a quando nomeados a cargos de gestores.<\/p>\n<p>Primeiro colocado na turma do CSP 2016\/2017, o tenente-coronel PM, Alessandro Gon\u00e7alves Guimar\u00e3es Ferreira, recebeu nota 9,87 em seu artigo cientifico com o tema Pol\u00edcia Comunit\u00e1ria.<\/p>\n<p>\u201cAs mat\u00e9rias trataram basicamente na \u00e1rea de gest\u00e3o que \u00e9 uma pr\u00e1tica nossa, vivida na Pol\u00edcia Militar. Tenho 21 anos de Pol\u00edcia e esses 21 anos foram todos como gestor. As mat\u00e9rias do Curso Superior de Pol\u00edcia da PJC s\u00e3o muito boas porque t\u00eam essa afinidade com a gest\u00e3o p\u00fablica, como gerir, como ser gerente. Minha tese no curso foi sobre Pol\u00edcia Comunit\u00e1ria. \u00c9 uma ferramenta de gest\u00e3o essencial hoje para todas as for\u00e7as. Fiz com vi\u00e9s na popula\u00e7\u00e3o\u201d, disse.<\/p>\n<p>O professor Oscem\u00e1rio Daltro, coordenou pela Escola de Governo o Curso Superior de Pol\u00edcia, juntamente com a Academia de Pol\u00edcia Civil. Conforme ele, o curso faz uma reestrutura\u00e7\u00e3o na forma\u00e7\u00e3o de gestor p\u00fablico, voltada para \u00e1rea de seguran\u00e7a.<\/p>\n<p>\u201cEste \u00e9 o prop\u00f3sito dar condi\u00e7\u00f5es aos delegados, coron\u00e9is da PM e Bombeiros, assim como os peritos, al\u00e7arem o posto m\u00e1ximo da carreira. Passar\u00e3o a ser gestores, n\u00e3o s\u00f3 policiais, ocupando cargos relevantes dentro das estruturas das corpora\u00e7\u00f5es onde permanecem. O curso trouxe temas e assuntos importantes e necess\u00e1rios para a forma\u00e7\u00e3o desses gestores, para quando assim estiverem desempenhando suas fun\u00e7\u00f5es tenham todo esse conhecimento: da gest\u00e3o de pessoas, or\u00e7ament\u00e1ria, financeira, planejamento estrat\u00e9gico, na gest\u00e3o da coisa p\u00fablica, em seu contexto geral\u201d, pontuou.<\/p>\n<p>Outro aluno que tamb\u00e9m recebeu seu certificado foi o secret\u00e1rio de Seguran\u00e7a P\u00fablica, Gustavo Garcia Francisco, que falou da integra\u00e7\u00e3o das for\u00e7as durante o curso, onde os profissionais tiveram que conciliar suas atividades policiais com as aulas realizadas em per\u00edodo integral, uma vez por m\u00eas, ao longo de 1 ano e meio. \u201cEssa turma composta por integrantes de todas as for\u00e7as fez com nos conhecemos mais, nos aproximou ainda mais. Todo processo que se forma l\u00edderes tamb\u00e9m \u00e9 feito de desafios. N\u00e3o foi f\u00e1cil fazer o curso e manter o mesmo n\u00edvel de excel\u00eancia\u201d, afirmou.  <\/p>\n<p>Publica\u00e7\u00e3o de Trabalhos<\/p>\n<p>Os trabalhos defendidos pelos alunos do Curso Superior de Pol\u00edcia, turma 2016\/2017, dever\u00e3o ser publicados. \u201cAlguns desses artigos foram produzidos com tamanha qualidade que estamos trabalhando agora na publica\u00e7\u00e3o desses artigos. A publica\u00e7\u00e3o vai dar conhecimento p\u00fablico e notoriedade pra uma argui\u00e7\u00e3o com enfoque na seguran\u00e7a p\u00fablica, de problemas enfrentados na administra\u00e7\u00e3o p\u00fablica, de forma,  a longo prazo, mudar a realidade e o pensamento doutrin\u00e1rio da gest\u00e3o em seguran\u00e7a p\u00fablica\u201d, disse o diretor da Acadepol, Carlos Fernando Cunha.<\/p>\n","protected":false},"excerpt":{"rendered":"<p>Ap\u00f3s dezoito meses, 56 alunos do Curso Superior de Pol\u00edcia (CSP) conclu\u00edram a P\u00f3s-Gradua\u00e7\u00e3o, Gest\u00e3o em Seguran\u00e7a P\u00fablica. Com a gradua\u00e7\u00e3o, os profissionais est\u00e3o aptos para a \u00faltima progress\u00e3o na carreira e assumir postos de comando na gest\u00e3o administrativa da seguran\u00e7a. A entrega dos certificados ocorreu na manh\u00e3 desta sexta-feira (16.03), na Academia da Pol\u00edcia &hellip;<\/p>\n","protected":false},"author":2,"featured_media":29655,"comment_status":"open","ping_status":"open","sticky":false,"template":"","format":"standard","meta":{"footnotes":""},"categories":[4],"tags":[],"class_list":["post-30117","post","type-post","status-publish","format-standard","has-post-thumbnail","hentry","category-ultimas-noticias"],"_links":{"self":[{"href":"https:\/\/goiasemtempo.com.br\/home\/wp-json\/wp\/v2\/posts\/30117","targetHints":{"allow":["GET"]}}],"collection":[{"href":"https:\/\/goiasemtempo.com.br\/home\/wp-json\/wp\/v2\/posts"}],"about":[{"href":"https:\/\/goiasemtempo.com.br\/home\/wp-json\/wp\/v2\/types\/post"}],"author":[{"embeddable":true,"href":"https:\/\/goiasemtempo.com.br\/home\/wp-json\/wp\/v2\/users\/2"}],"replies":[{"embeddable":true,"href":"https:\/\/goiasemtempo.com.br\/home\/wp-json\/wp\/v2\/comments?post=30117"}],"version-history":[{"count":1,"href":"https:\/\/goiasemtempo.com.br\/home\/wp-json\/wp\/v2\/posts\/30117\/revisions"}],"predecessor-version":[{"id":30118,"href":"https:\/\/goiasemtempo.com.br\/home\/wp-json\/wp\/v2\/posts\/30117\/revisions\/30118"}],"wp:featuredmedia":[{"embeddable":true,"href":"https:\/\/goiasemtempo.com.br\/home\/wp-json\/wp\/v2\/media\/29655"}],"wp:attachment":[{"href":"https:\/\/goiasemtempo.com.br\/home\/wp-json\/wp\/v2\/media?parent=30117"}],"wp:term":[{"taxonomy":"category","embeddable":true,"href":"https:\/\/goiasemtempo.com.br\/home\/wp-json\/wp\/v2\/categories?post=30117"},{"taxonomy":"post_tag","embeddable":true,"href":"https:\/\/goiasemtempo.com.br\/home\/wp-json\/wp\/v2\/tags?post=30117"}],"curies":[{"name":"wp","href":"https:\/\/api.w.org\/{rel}","templated":true}]}}