{"id":30087,"date":"2018-03-20T04:45:30","date_gmt":"2018-03-20T04:45:30","guid":{"rendered":"https:\/\/goiasemtempo.com.br\/home\/?p=30087"},"modified":"2018-03-20T04:45:30","modified_gmt":"2018-03-20T04:45:30","slug":"musica-minas-abre-participacao-da-sociedade-civil-em-sua-comissao-de-avaliacao","status":"publish","type":"post","link":"https:\/\/goiasemtempo.com.br\/home\/musica-minas-abre-participacao-da-sociedade-civil-em-sua-comissao-de-avaliacao\/","title":{"rendered":"M\u00fasica Minas abre participa\u00e7\u00e3o da sociedade civil em sua Comiss\u00e3o de Avalia\u00e7\u00e3o"},"content":{"rendered":"<p>Como forma de aproximar cada vez mais a sociedade civil das pol\u00edticas culturais, o Governo de Minas Gerais, por meio da Secretaria de Estado de Cultura (SEC), apresenta uma importante novidade no M\u00fasica Minas 2018. A partir desta edi\u00e7\u00e3o, o programa de interc\u00e2mbio musical conta com a participa\u00e7\u00e3o da sociedade civil em sua Comiss\u00e3o de Avalia\u00e7\u00e3o e Sele\u00e7\u00e3o.<\/p>\n<p>Para esse objetivo de participa\u00e7\u00e3o da sociedade civil, um edital de convoca\u00e7\u00e3o foi lan\u00e7ado e est\u00e1 com inscri\u00e7\u00f5es abertas at\u00e9 dia 28 de mar\u00e7o (quarta-feira). Os documentos e formul\u00e1rios podem ser encontrados neste link ou no site www.cultura.mg.gov.br. As propostas devem ser encaminhadas para a Secretaria de Estado de Cultura via Correios ou entregues presencialmente na Cidade Administrativa. <\/p>\n<p>A abertura para a participa\u00e7\u00e3o da sociedade civil \u00e9 a principal novidade do Programa M\u00fasica Minas, que ter\u00e1 o edital oficial 2018 lan\u00e7ado ainda neste m\u00eas de mar\u00e7o. A iniciativa atende a uma demanda dos agentes e produtores musicais, e reafirma a preocupa\u00e7\u00e3o do Governo de Minas Gerais com a escuta da sociedade organizada. Consultas online j\u00e1 eram efetuadas, mas ampliar essa coopera\u00e7\u00e3o era algo tratado com prioridade, como informa a superintendente de Interioriza\u00e7\u00e3o e A\u00e7\u00e3o Cultural, Manuella Machado.<\/p>\n<p>\u201cA participa\u00e7\u00e3o da sociedade civil nos processos de discuss\u00e3o e de tomada de decis\u00e3o do poder p\u00fablico \u00e9 a express\u00e3o da democracia, que deve ser valorizada e garantida pelos gestores p\u00fablicos\u201d, afirma.<\/p>\n<p>A comiss\u00e3o tem entre suas responsabilidades a avalia\u00e7\u00e3o dos projetos inscritos no M\u00fasica Minas 2018 e a realiza\u00e7\u00e3o de an\u00e1lises quanto aos recursos demandados pelos proponentes do edital.<\/p>\n<p>Para participar da comiss\u00e3o avaliadora, o candidato deve possuir not\u00f3rio saber na \u00e1rea musical, ter reconhecida representatividade no segmento e no m\u00ednimo dois anos de experi\u00eancia comprovada no setor. Tamb\u00e9m ser\u00e3o avaliados curr\u00edculo e portf\u00f3lio dos inscritos. <\/p>\n<p>Os membros da comiss\u00e3o ficam impedidos de avaliar projetos em que possuam interesse direto ou indireto, ou que tenham como proponentes parentes de at\u00e9 terceiro grau ou c\u00f4njuge.<\/p>\n<p>A participa\u00e7\u00e3o na Comiss\u00e3o de Avalia\u00e7\u00e3o \u00e9 volunt\u00e1ria e n\u00e3o est\u00e1 sujeita a nenhum tipo de remunera\u00e7\u00e3o. O participante dever\u00e1 comparecer a quatro reuni\u00f5es que ser\u00e3o realizadas ao longo do ano, sempre na Cidade Administrativa. <\/p>\n<p>A identidade dos membros da comiss\u00e3o ser\u00e1 mantida em sigilo at\u00e9 a avalia\u00e7\u00e3o da \u00faltima sele\u00e7\u00e3o do edital M\u00fasica Minas 2018.<\/p>\n<p>Confira, a seguir, o calend\u00e1rio das reuni\u00f5es da Comiss\u00e3o de Avalia\u00e7\u00e3o:<\/p>\n<p>M\u00fasica Minas<\/p>\n<p>O programa de interc\u00e2mbio viabiliza viagens por munic\u00edpios de todo o Brasil e dos cinco continentes do mundo. S\u00e3o R$ 700 mil repassados, a t\u00edtulo de ajuda de custo, para despesas com passagens, seguros de viagem, hospedagem, alimenta\u00e7\u00e3o, entre outras.<\/p>\n<p>Em 2017, o M\u00fasica Minas contemplou 56 propostas, e garantiu a circula\u00e7\u00e3o de 210 pessoas. Artistas mineiros levaram a m\u00fasica produzida em Minas Gerais aos cinco continentes do mundo. Confira algumas das  propostas contempladas ao longo de o \u00faltimo ano: <\/p>\n<p>&#8211; O Jap\u00e3o recebeu o duo Alexandre Andr\u00e9s e Rafael Martini para o lan\u00e7amento do \u00e1lbum Hura;<\/p>\n<p>&#8211; A Cor\u00e9ia do Sul foi o destino da artista Jennifer Souza, que apresentou can\u00e7\u00f5es de seu trabalho Imposs\u00edvel Breve;<br \/>\n&#8211; O famoso festival de jazz de Montreux, na Su\u00ed\u00e7a, por onde passaram grandes nomes da m\u00fasica, como Nina Simone, Ella Fitzgerald e Elis Regina, foi palco para o guitarrista de Ribeir\u00e3o das Neves, Expedito In\u00e1cio Andrade;<br \/>\n&#8211; A banda ouro-pretana Seu Juvenal, que comemorou no ano passado 20 anos de estrada, excursionou pela primeira vez na Europa, tocando na Rep\u00fablica Tcheca, Pol\u00f4nia e Eslov\u00e1quia;<br \/>\n&#8211; A Argentina deu voz \u00e0 m\u00fasica produzida em Minas Gerais com uma s\u00e9rie de apresenta\u00e7\u00f5es Ara\u00e7\u00e1 Quarteto de Choro, grupo de Po\u00e7os de Caldas.<br \/>\n&#8211; O programa do Estado tamb\u00e9m foi respons\u00e1vel por levar o professor de viol\u00e3o Ricardo Novais a Guin\u00e9-Bissau, na \u00c1frica, para ensinar viol\u00e3o a crian\u00e7as e adolescentes carentes. O convite partiu do \u201cProjeto Educando\u201d, escola que atende cerca de 150 pessoas na cidade de Gabu, regi\u00e3o leste do pa\u00eds.<\/p>\n","protected":false},"excerpt":{"rendered":"<p>Como forma de aproximar cada vez mais a sociedade civil das pol\u00edticas culturais, o Governo de Minas Gerais, por meio da Secretaria de Estado de Cultura (SEC), apresenta uma importante novidade no M\u00fasica Minas 2018. A partir desta edi\u00e7\u00e3o, o programa de interc\u00e2mbio musical conta com a participa\u00e7\u00e3o da sociedade civil em sua Comiss\u00e3o de &hellip;<\/p>\n","protected":false},"author":2,"featured_media":29640,"comment_status":"open","ping_status":"open","sticky":false,"template":"","format":"standard","meta":{"footnotes":""},"categories":[4],"tags":[],"class_list":["post-30087","post","type-post","status-publish","format-standard","has-post-thumbnail","hentry","category-ultimas-noticias"],"_links":{"self":[{"href":"https:\/\/goiasemtempo.com.br\/home\/wp-json\/wp\/v2\/posts\/30087","targetHints":{"allow":["GET"]}}],"collection":[{"href":"https:\/\/goiasemtempo.com.br\/home\/wp-json\/wp\/v2\/posts"}],"about":[{"href":"https:\/\/goiasemtempo.com.br\/home\/wp-json\/wp\/v2\/types\/post"}],"author":[{"embeddable":true,"href":"https:\/\/goiasemtempo.com.br\/home\/wp-json\/wp\/v2\/users\/2"}],"replies":[{"embeddable":true,"href":"https:\/\/goiasemtempo.com.br\/home\/wp-json\/wp\/v2\/comments?post=30087"}],"version-history":[{"count":1,"href":"https:\/\/goiasemtempo.com.br\/home\/wp-json\/wp\/v2\/posts\/30087\/revisions"}],"predecessor-version":[{"id":30088,"href":"https:\/\/goiasemtempo.com.br\/home\/wp-json\/wp\/v2\/posts\/30087\/revisions\/30088"}],"wp:featuredmedia":[{"embeddable":true,"href":"https:\/\/goiasemtempo.com.br\/home\/wp-json\/wp\/v2\/media\/29640"}],"wp:attachment":[{"href":"https:\/\/goiasemtempo.com.br\/home\/wp-json\/wp\/v2\/media?parent=30087"}],"wp:term":[{"taxonomy":"category","embeddable":true,"href":"https:\/\/goiasemtempo.com.br\/home\/wp-json\/wp\/v2\/categories?post=30087"},{"taxonomy":"post_tag","embeddable":true,"href":"https:\/\/goiasemtempo.com.br\/home\/wp-json\/wp\/v2\/tags?post=30087"}],"curies":[{"name":"wp","href":"https:\/\/api.w.org\/{rel}","templated":true}]}}