{"id":30041,"date":"2018-03-20T04:30:00","date_gmt":"2018-03-20T04:30:00","guid":{"rendered":"https:\/\/goiasemtempo.com.br\/home\/?p=30041"},"modified":"2018-03-20T04:30:00","modified_gmt":"2018-03-20T04:30:00","slug":"procon-sp-encontra-infracoes-em-57-supermercados-da-capital-e-interior","status":"publish","type":"post","link":"https:\/\/goiasemtempo.com.br\/home\/procon-sp-encontra-infracoes-em-57-supermercados-da-capital-e-interior\/","title":{"rendered":"Procon-SP encontra infra\u00e7\u00f5es em 57 supermercados da capital e interior"},"content":{"rendered":"<p>Com o objetivo de fiscalizar o cumprimento da informa\u00e7\u00e3o de pre\u00e7os ao consumidor, a Opera\u00e7\u00e3o De Olho no Pre\u00e7o, mais uma vez, realizou a\u00e7\u00f5es na capital e n\u00facleos regionais, entre os dias 12 a 14 de mar\u00e7o. Comandada pela Funda\u00e7\u00e3o Procon, \u00f3rg\u00e3o vinculado \u00e0 Secretaria da Justi\u00e7a e da Defesa da Cidadania do Estado, a opera\u00e7\u00e3o constatou irregularidades em 57 supermercados.<\/p>\n<p>Ao todo, foram visitados 86 locais nos munic\u00edpios de Alum\u00ednio, Araraquara, Bauru, Campinas, Catanduva, Paul\u00ednia, Presidente Prudente, Ribeir\u00e3o Preto, Salto de Pirapora, Santos, S\u00e3o Jos\u00e9 do Rio Preto, S\u00e3o Jos\u00e9 dos Campos, S\u00e3o Roque, Sorocaba, Votuporanga, Votorantim e S\u00e3o Paulo. Na cidade de Votorantim o Procon municipal participou da a\u00e7\u00e3o.<\/p>\n<p>Entre as infra\u00e7\u00f5es constatadas estavam diferen\u00e7a de pre\u00e7o informado entre caixa e g\u00f4ndola, descumprimento de oferta, falta ou inadequa\u00e7\u00e3o na informa\u00e7\u00e3o do pre\u00e7o, venda de carne pr\u00e9-mo\u00edda e produtos sem informa\u00e7\u00e3o de validade ou com prazo de validade vencido.<\/p>\n","protected":false},"excerpt":{"rendered":"<p>Com o objetivo de fiscalizar o cumprimento da informa\u00e7\u00e3o de pre\u00e7os ao consumidor, a Opera\u00e7\u00e3o De Olho no Pre\u00e7o, mais uma vez, realizou a\u00e7\u00f5es na capital e n\u00facleos regionais, entre os dias 12 a 14 de mar\u00e7o. Comandada pela Funda\u00e7\u00e3o Procon, \u00f3rg\u00e3o vinculado \u00e0 Secretaria da Justi\u00e7a e da Defesa da Cidadania do Estado, a &hellip;<\/p>\n","protected":false},"author":2,"featured_media":29617,"comment_status":"open","ping_status":"open","sticky":false,"template":"","format":"standard","meta":{"footnotes":""},"categories":[4],"tags":[],"class_list":["post-30041","post","type-post","status-publish","format-standard","has-post-thumbnail","hentry","category-ultimas-noticias"],"_links":{"self":[{"href":"https:\/\/goiasemtempo.com.br\/home\/wp-json\/wp\/v2\/posts\/30041","targetHints":{"allow":["GET"]}}],"collection":[{"href":"https:\/\/goiasemtempo.com.br\/home\/wp-json\/wp\/v2\/posts"}],"about":[{"href":"https:\/\/goiasemtempo.com.br\/home\/wp-json\/wp\/v2\/types\/post"}],"author":[{"embeddable":true,"href":"https:\/\/goiasemtempo.com.br\/home\/wp-json\/wp\/v2\/users\/2"}],"replies":[{"embeddable":true,"href":"https:\/\/goiasemtempo.com.br\/home\/wp-json\/wp\/v2\/comments?post=30041"}],"version-history":[{"count":1,"href":"https:\/\/goiasemtempo.com.br\/home\/wp-json\/wp\/v2\/posts\/30041\/revisions"}],"predecessor-version":[{"id":30042,"href":"https:\/\/goiasemtempo.com.br\/home\/wp-json\/wp\/v2\/posts\/30041\/revisions\/30042"}],"wp:featuredmedia":[{"embeddable":true,"href":"https:\/\/goiasemtempo.com.br\/home\/wp-json\/wp\/v2\/media\/29617"}],"wp:attachment":[{"href":"https:\/\/goiasemtempo.com.br\/home\/wp-json\/wp\/v2\/media?parent=30041"}],"wp:term":[{"taxonomy":"category","embeddable":true,"href":"https:\/\/goiasemtempo.com.br\/home\/wp-json\/wp\/v2\/categories?post=30041"},{"taxonomy":"post_tag","embeddable":true,"href":"https:\/\/goiasemtempo.com.br\/home\/wp-json\/wp\/v2\/tags?post=30041"}],"curies":[{"name":"wp","href":"https:\/\/api.w.org\/{rel}","templated":true}]}}