{"id":30001,"date":"2018-03-20T04:16:30","date_gmt":"2018-03-20T04:16:30","guid":{"rendered":"https:\/\/goiasemtempo.com.br\/home\/?p=30001"},"modified":"2018-03-20T04:16:30","modified_gmt":"2018-03-20T04:16:30","slug":"novos-protestos-e-inicio-de-investigacao-sobre-morte-de-marielle-no-rio","status":"publish","type":"post","link":"https:\/\/goiasemtempo.com.br\/home\/novos-protestos-e-inicio-de-investigacao-sobre-morte-de-marielle-no-rio\/","title":{"rendered":"Novos protestos e in\u00edcio de investiga\u00e7\u00e3o sobre morte de Marielle no Rio"},"content":{"rendered":"<p>Novos protestos eram organizados nesta sexta-feira (16) no Rio de Janeiro em homenagem \u00e0 vereadora do PSOL Marielle Franco, assassinada a tiros na noite de quarta-feira, junto com seu motorista, Anderson Gomes, em meio a diferentes vers\u00f5es sobre as motiva\u00e7\u00f5es do crime.<\/p>\n<p>Movimentos sociais convocaram uma manifesta\u00e7\u00e3o no fim da tarde em frente \u00e0 Assembleia Legislativa do Estado de Rio (Alerj), depois das passeatas na v\u00e9spera que mobilizaram umas 50.000 pessoas no Rio, 30.000 em S\u00e3o Paulo e v\u00e1rios milhares em outras cidades do pa\u00eds.<\/p>\n<p>No centro do Rio, os sem\u00e1foros estavam cobertos com imagens da vereadora e ativista do PSOL, conhecida pela luta contra o racismo e a viol\u00eancia policial nas favelas.<\/p>\n<p>Os muros da C\u00e2mara dos Vereadores, na Cinel\u00e2ndia (centro), local do vel\u00f3rio e ponto de partida das marchas de quinta, estavam cobertos com mensagens contra a pol\u00edcia e contra o governo Temer.<\/p>\n<p>&#8211; Execu\u00e7\u00e3o &#8211;<\/p>\n<p>A investiga\u00e7\u00e3o corre sob segredo de Justi\u00e7a, mas segundo informa\u00e7\u00f5es que vazaram, o carro em que Marielle Franco voltava para casa ap\u00f3s um encontro sobre empoderamento de mulheres negras foi seguido por quatro quil\u00f4metros por outro ve\u00edculo.<\/p>\n<p>O ataque ocorreu no centro da cidade. Al\u00e9m do motorista e da vereadora, estava no carro sua assessora de imprensa, que ficou ferida por estilha\u00e7os.<\/p>\n<p>Segundo o portal G1, os atacantes teriam contato com o apoio de outro carro, cuja placa p\u00f4de ser identificada com imagens de c\u00e2meras de seguran\u00e7a da regi\u00e3o.<\/p>\n<p>V\u00e1rios comentaristas asseguram que esta execu\u00e7\u00e3o est\u00e1 ligada \u00e0s den\u00fancias da vereadora contra a a\u00e7\u00e3o das mil\u00edcias ou a interven\u00e7\u00e3o federal na seguran\u00e7a do Rio, decretada h\u00e1 exatamente um m\u00eas pelo presidente Temer.<\/p>\n<p>Temer denunciou um atentado contra a democracia e o Estado de direito e seu ministro de Seguran\u00e7a P\u00fablica, Raul Jungmann, anunciou uma investiga\u00e7\u00e3o exaustiva, embora tenha se abstido de antecipar hip\u00f3teses sobre os executores.<\/p>\n<p>O ceticismo paira, no entanto, sobre esta promessa, por causa dos altos \u00edndices de impunidade do pa\u00eds.<\/p>\n<p>A melhor resposta que o governo tem que dar&#8230; \u00e9 investigar com celeridade, rapidez e efici\u00eancia. Eu afirmo: se houver trabalho s\u00e9rio, sem medo de mexer em bols\u00f5es incrustados no Estado de corrup\u00e7\u00e3o, viol\u00eancia e crime, a gente apura em duas semanas isso a\u00ed, declarou nesta sexta-feira o deputado Chico Alencar, do PSOL.<\/p>\n<p>Existe uma cultura no Rio de Janeiro, uma cultura de matriz mafiosa, de elimina\u00e7\u00e3o de pessoas que acabam de alguma forma se opondo ou resistindo \u00e0s organiza\u00e7\u00f5es criminosas e isso seria o que ocorreu com Marielle Franco, disse na quinta-feira \u00e0 AFP o jurista Walter Maierovitch, ex-secretario Antidrogas (1999).<\/p>\n<p>&#8211; Despertar da esquerda? &#8211;<\/p>\n<p>Todos os grandes jornais do Rio dedicaram nesta sexta-feira suas capas e v\u00e1rias p\u00e1ginas \u00e0s manifesta\u00e7\u00f5es de quinta-feira.<\/p>\n<p>O Globo e O Dia citaram uma frase postada em suas contas nas redes sociais por Marielle Franco um dia antes de morrer: Quantos mais precisar\u00e3o morrer?.<\/p>\n<p>A mensagem se referia ao jovem Matheus Melo, morto quando sa\u00eda de uma igreja no Jacarezinho na segunda-feira (12), possivelmente v\u00edtima de abuso policial.<\/p>\n<p>Para o jornal Folha de S. Paulo, o assassinato da vereadora despertou um gigante adormecido, ao motivar as maiores manifesta\u00e7\u00f5es da esquerda que at\u00e9 agora n\u00e3o conseguiu mobilizar suas bases contra as medidas de austeridade de Temer.<\/p>\n<p>Mataram minha m\u00e3e e mais de 46.000 eleitores, escreveu no Twitter Luyara santos, filha de Marielle Franco, em alus\u00e3o ao n\u00famero de votos com que sua m\u00e3e foi eleita vereadora em 2016.<\/p>\n<p>Os protestos se espalharam tamb\u00e9m fora do Brasil.<\/p>\n<p>Em Londres, as ONGs The London Latinxs e Democracy Brazil-UK convocaram um ato em frente \u00e0 embaixada do Brasil.<\/p>\n","protected":false},"excerpt":{"rendered":"<p>Novos protestos eram organizados nesta sexta-feira (16) no Rio de Janeiro em homenagem \u00e0 vereadora do PSOL Marielle Franco, assassinada a tiros na noite de quarta-feira, junto com seu motorista, Anderson Gomes, em meio a diferentes vers\u00f5es sobre as motiva\u00e7\u00f5es do crime. Movimentos sociais convocaram uma manifesta\u00e7\u00e3o no fim da tarde em frente \u00e0 Assembleia &hellip;<\/p>\n","protected":false},"author":2,"featured_media":29597,"comment_status":"open","ping_status":"open","sticky":false,"template":"","format":"standard","meta":{"footnotes":""},"categories":[4],"tags":[],"class_list":["post-30001","post","type-post","status-publish","format-standard","has-post-thumbnail","hentry","category-ultimas-noticias"],"_links":{"self":[{"href":"https:\/\/goiasemtempo.com.br\/home\/wp-json\/wp\/v2\/posts\/30001","targetHints":{"allow":["GET"]}}],"collection":[{"href":"https:\/\/goiasemtempo.com.br\/home\/wp-json\/wp\/v2\/posts"}],"about":[{"href":"https:\/\/goiasemtempo.com.br\/home\/wp-json\/wp\/v2\/types\/post"}],"author":[{"embeddable":true,"href":"https:\/\/goiasemtempo.com.br\/home\/wp-json\/wp\/v2\/users\/2"}],"replies":[{"embeddable":true,"href":"https:\/\/goiasemtempo.com.br\/home\/wp-json\/wp\/v2\/comments?post=30001"}],"version-history":[{"count":1,"href":"https:\/\/goiasemtempo.com.br\/home\/wp-json\/wp\/v2\/posts\/30001\/revisions"}],"predecessor-version":[{"id":30002,"href":"https:\/\/goiasemtempo.com.br\/home\/wp-json\/wp\/v2\/posts\/30001\/revisions\/30002"}],"wp:featuredmedia":[{"embeddable":true,"href":"https:\/\/goiasemtempo.com.br\/home\/wp-json\/wp\/v2\/media\/29597"}],"wp:attachment":[{"href":"https:\/\/goiasemtempo.com.br\/home\/wp-json\/wp\/v2\/media?parent=30001"}],"wp:term":[{"taxonomy":"category","embeddable":true,"href":"https:\/\/goiasemtempo.com.br\/home\/wp-json\/wp\/v2\/categories?post=30001"},{"taxonomy":"post_tag","embeddable":true,"href":"https:\/\/goiasemtempo.com.br\/home\/wp-json\/wp\/v2\/tags?post=30001"}],"curies":[{"name":"wp","href":"https:\/\/api.w.org\/{rel}","templated":true}]}}