{"id":29983,"date":"2018-03-20T04:10:28","date_gmt":"2018-03-20T04:10:28","guid":{"rendered":"https:\/\/goiasemtempo.com.br\/home\/?p=29983"},"modified":"2018-03-20T04:10:28","modified_gmt":"2018-03-20T04:10:28","slug":"viena-sedia-reuniao-sobre-acordo-nuclear-com-ira-ameacado-por-trump","status":"publish","type":"post","link":"https:\/\/goiasemtempo.com.br\/home\/viena-sedia-reuniao-sobre-acordo-nuclear-com-ira-ameacado-por-trump\/","title":{"rendered":"Viena sedia reuni\u00e3o sobre acordo nuclear com Ir\u00e3, amea\u00e7ado por Trump"},"content":{"rendered":"<p>Donald Trump deu a entender que seu pa\u00eds sair\u00e1 do acordo nuclear com o Ir\u00e3 e restabelecer\u00e1 o regime de san\u00e7\u00f5es contra a Rep\u00fablica Isl\u00e2mica.  bur-stu-smk\/pg\/pb\/acc\/cn speaks during the annual Friends of Ireland luncheon on Capitol Hill on March 15, 2018 in Washington, DC.<\/p>\n<p>Os Estados Unidos e seus aliados europeus tiveram muito boas negocia\u00e7\u00f5es com vistas a um acordo sobre garantias adicionais pedidas ao Ir\u00e3 para completar o acordo nuclear de 2015, amea\u00e7ado por Donald Trump, declarou nesta sexta-feira (15) um alto funcion\u00e1rio americano.<\/p>\n<p>O Ir\u00e3 e as grandes pot\u00eancias se reuniram nesta sexta-feira, em Viena, para avaliar o acordo nuclear alcan\u00e7ado em 2015, nunca antes t\u00e3o amea\u00e7ado como agora, depois das cr\u00edticas do presidente Donald Trump.<\/p>\n<p>Esta reuni\u00e3o trimestral passa em revista o acordo que entrou em vigor em 2016 com o objetivo de garantir o car\u00e1ter estritamente pac\u00edfico do programa nuclear iraniano em troca de uma suspens\u00e3o das san\u00e7\u00f5es internacionais.<\/p>\n<p>A reuni\u00e3o acontece em um contexto muito sens\u00edvel enquanto se aproxima 12 de maio, data em que Trump deu a entender que seu pa\u00eds sair\u00e1 do acordo e restabelecer\u00e1 o regime de san\u00e7\u00f5es contra a Rep\u00fablica Isl\u00e2mica.<\/p>\n<p>Um alto funcion\u00e1rio do Departamento de Estado, Brian Hook, afirmou nesta sexta em Viena que os Estados Unidos pretendem concluir com os pa\u00edses europeus um acordo adicional ao de julho de 2015.<\/p>\n<p>Este acordo seria sobre o programa de m\u00edsseis bal\u00edsticos do Ir\u00e3, suas atividades regionais no Oriente M\u00e9dio, a expira\u00e7\u00e3o de algumas partes do acordo sobre el programa nuclear previstas a partir de 2026 e inspe\u00e7\u00f5es mais estritas da ONU, declarou Hook.<\/p>\n<p>Tratamos as coisas cada uma no seu momento, tivemos boas discuss\u00f5es em Londres, Paris e Berlim, declarou \u00e0 imprensa Hook, que era diretor de estrat\u00e9gia do secret\u00e1rio de Estado Rex Tillerson demitido nesta semana por Trump.<\/p>\n<p>A destitui\u00e7\u00e3o nesta ter\u00e7a-feira do secret\u00e1rio de Estado americano Rex Tillerson, que defendia que os Estados Unidos permanecesse no acordo hist\u00f3rico, refor\u00e7a a incerteza. Seu sucessor Mike Pompeo, at\u00e9 agora diretor da Ag\u00eancia Central de Intelig\u00eancia (CIA), defende a linha dura em rela\u00e7\u00e3o ao Ir\u00e3.<\/p>\n<p>As grandes pot\u00eancias que assinaram o acordo com o Ir\u00e3 e com Estados Unidos, R\u00fassia, China, Fran\u00e7a, Reino Unido e Alemanha, consideram no pacto como uma vit\u00f3ria hist\u00f3rica para a n\u00e3o prolifera\u00e7\u00e3o nuclear depois de dez anos de tens\u00e3o.<\/p>\n<p>O acordo entrou em vigor em janeiro de 2016 e tem como objetivo garantir o car\u00e1ter pac\u00edfico do programa nuclear iraniano em troca da suspens\u00e3o das san\u00e7\u00f5es internacionais.<\/p>\n<p>O Ir\u00e3 garante que nunca tentou desenvolver esse tipo de armamento, mas alertou que o pa\u00eds poderia retomar rapidamente o enriquecimento de ur\u00e2nio caso o acordo seja abandonado.<\/p>\n","protected":false},"excerpt":{"rendered":"<p>Donald Trump deu a entender que seu pa\u00eds sair\u00e1 do acordo nuclear com o Ir\u00e3 e restabelecer\u00e1 o regime de san\u00e7\u00f5es contra a Rep\u00fablica Isl\u00e2mica. bur-stu-smk\/pg\/pb\/acc\/cn speaks during the annual Friends of Ireland luncheon on Capitol Hill on March 15, 2018 in Washington, DC. Os Estados Unidos e seus aliados europeus tiveram muito boas negocia\u00e7\u00f5es &hellip;<\/p>\n","protected":false},"author":2,"featured_media":29588,"comment_status":"open","ping_status":"open","sticky":false,"template":"","format":"standard","meta":{"footnotes":""},"categories":[4],"tags":[],"class_list":["post-29983","post","type-post","status-publish","format-standard","has-post-thumbnail","hentry","category-ultimas-noticias"],"_links":{"self":[{"href":"https:\/\/goiasemtempo.com.br\/home\/wp-json\/wp\/v2\/posts\/29983","targetHints":{"allow":["GET"]}}],"collection":[{"href":"https:\/\/goiasemtempo.com.br\/home\/wp-json\/wp\/v2\/posts"}],"about":[{"href":"https:\/\/goiasemtempo.com.br\/home\/wp-json\/wp\/v2\/types\/post"}],"author":[{"embeddable":true,"href":"https:\/\/goiasemtempo.com.br\/home\/wp-json\/wp\/v2\/users\/2"}],"replies":[{"embeddable":true,"href":"https:\/\/goiasemtempo.com.br\/home\/wp-json\/wp\/v2\/comments?post=29983"}],"version-history":[{"count":1,"href":"https:\/\/goiasemtempo.com.br\/home\/wp-json\/wp\/v2\/posts\/29983\/revisions"}],"predecessor-version":[{"id":29984,"href":"https:\/\/goiasemtempo.com.br\/home\/wp-json\/wp\/v2\/posts\/29983\/revisions\/29984"}],"wp:featuredmedia":[{"embeddable":true,"href":"https:\/\/goiasemtempo.com.br\/home\/wp-json\/wp\/v2\/media\/29588"}],"wp:attachment":[{"href":"https:\/\/goiasemtempo.com.br\/home\/wp-json\/wp\/v2\/media?parent=29983"}],"wp:term":[{"taxonomy":"category","embeddable":true,"href":"https:\/\/goiasemtempo.com.br\/home\/wp-json\/wp\/v2\/categories?post=29983"},{"taxonomy":"post_tag","embeddable":true,"href":"https:\/\/goiasemtempo.com.br\/home\/wp-json\/wp\/v2\/tags?post=29983"}],"curies":[{"name":"wp","href":"https:\/\/api.w.org\/{rel}","templated":true}]}}