{"id":29868,"date":"2018-03-20T03:31:21","date_gmt":"2018-03-20T03:31:21","guid":{"rendered":"https:\/\/goiasemtempo.com.br\/home\/?p=29868"},"modified":"2018-03-20T03:31:21","modified_gmt":"2018-03-20T03:31:21","slug":"comissao-pode-votar-na-terca-relatorio-sobre-mp-de-ajuda-emergencial-a-municipios","status":"publish","type":"post","link":"https:\/\/goiasemtempo.com.br\/home\/comissao-pode-votar-na-terca-relatorio-sobre-mp-de-ajuda-emergencial-a-municipios\/","title":{"rendered":"Comiss\u00e3o pode votar na ter\u00e7a relat\u00f3rio sobre MP de ajuda emergencial a munic\u00edpios"},"content":{"rendered":"<p>A comiss\u00e3o mista que analisa a Medida Provis\u00f3ria 815\/17 re\u00fane-se na ter\u00e7a-feira (20) para discutir o parecer do senador Antonio Anastasia (PSDB-MG). O texto do senador ainda n\u00e3o foi divulgado.<\/p>\n<p>A MP autoriza o repasse emergencial aos munic\u00edpios no valor de R$ 2 bilh\u00f5es. Pelo texto, a parcela destinada a cada ente federado ser\u00e1 definida pelos mesmos crit\u00e9rios de transfer\u00eancias via Fundo de Participa\u00e7\u00e3o dos Munic\u00edpios (FPM). A medida estabelece que as prefeituras dever\u00e3o aplicar os recursos preferencialmente em sa\u00fade e educa\u00e7\u00e3o.<\/p>\n<p>Com a MP, o governo federal espera assegurar a continuidade dos servi\u00e7os p\u00fablicos b\u00e1sicos nos munic\u00edpios, como os de sa\u00fade e de seguran\u00e7a, bem como a continuidade de projetos de investimento feitos em parceria com a Uni\u00e3o.<\/p>\n<p>No \u00faltimo dia 12, foi sancionado pelo presidente da Rep\u00fablica o Projeto de Lei do Congresso (PLN) 1\/18, que abre cr\u00e9dito de RS 2 bilh\u00f5es para os minist\u00e9rios da Educa\u00e7\u00e3o (R$ 600 milh\u00f5es), da Sa\u00fade (R$ 1 bilh\u00e3o) e do Desenvolvimento Social (R$ 400 milh\u00f5es). O texto viabiliza a aplica\u00e7\u00e3o da MP 815\/17. <\/p>\n<p>A reuni\u00e3o da comiss\u00e3o mista ser\u00e1 realizada no plen\u00e1rio 3 da ala Alexandre Costa, no Senado, a partir das 15 horas.<\/p>\n","protected":false},"excerpt":{"rendered":"<p>A comiss\u00e3o mista que analisa a Medida Provis\u00f3ria 815\/17 re\u00fane-se na ter\u00e7a-feira (20) para discutir o parecer do senador Antonio Anastasia (PSDB-MG). O texto do senador ainda n\u00e3o foi divulgado. A MP autoriza o repasse emergencial aos munic\u00edpios no valor de R$ 2 bilh\u00f5es. Pelo texto, a parcela destinada a cada ente federado ser\u00e1 definida &hellip;<\/p>\n","protected":false},"author":2,"featured_media":29530,"comment_status":"open","ping_status":"open","sticky":false,"template":"","format":"standard","meta":{"_exactmetrics_skip_tracking":false,"_exactmetrics_sitenote_active":false,"_exactmetrics_sitenote_note":"","_exactmetrics_sitenote_category":0,"footnotes":""},"categories":[4],"tags":[],"_links":{"self":[{"href":"https:\/\/goiasemtempo.com.br\/home\/wp-json\/wp\/v2\/posts\/29868"}],"collection":[{"href":"https:\/\/goiasemtempo.com.br\/home\/wp-json\/wp\/v2\/posts"}],"about":[{"href":"https:\/\/goiasemtempo.com.br\/home\/wp-json\/wp\/v2\/types\/post"}],"author":[{"embeddable":true,"href":"https:\/\/goiasemtempo.com.br\/home\/wp-json\/wp\/v2\/users\/2"}],"replies":[{"embeddable":true,"href":"https:\/\/goiasemtempo.com.br\/home\/wp-json\/wp\/v2\/comments?post=29868"}],"version-history":[{"count":1,"href":"https:\/\/goiasemtempo.com.br\/home\/wp-json\/wp\/v2\/posts\/29868\/revisions"}],"predecessor-version":[{"id":29869,"href":"https:\/\/goiasemtempo.com.br\/home\/wp-json\/wp\/v2\/posts\/29868\/revisions\/29869"}],"wp:featuredmedia":[{"embeddable":true,"href":"https:\/\/goiasemtempo.com.br\/home\/wp-json\/wp\/v2\/media\/29530"}],"wp:attachment":[{"href":"https:\/\/goiasemtempo.com.br\/home\/wp-json\/wp\/v2\/media?parent=29868"}],"wp:term":[{"taxonomy":"category","embeddable":true,"href":"https:\/\/goiasemtempo.com.br\/home\/wp-json\/wp\/v2\/categories?post=29868"},{"taxonomy":"post_tag","embeddable":true,"href":"https:\/\/goiasemtempo.com.br\/home\/wp-json\/wp\/v2\/tags?post=29868"}],"curies":[{"name":"wp","href":"https:\/\/api.w.org\/{rel}","templated":true}]}}