{"id":29852,"date":"2018-03-20T03:25:56","date_gmt":"2018-03-20T03:25:56","guid":{"rendered":"https:\/\/goiasemtempo.com.br\/home\/?p=29852"},"modified":"2018-03-20T03:25:56","modified_gmt":"2018-03-20T03:25:56","slug":"camara-homenageia-a-vereadora-carioca-marielle-franco","status":"publish","type":"post","link":"https:\/\/goiasemtempo.com.br\/home\/camara-homenageia-a-vereadora-carioca-marielle-franco\/","title":{"rendered":"C\u00e2mara homenageia a vereadora carioca Marielle Franco"},"content":{"rendered":"<p>O Plen\u00e1rio da C\u00e2mara dos Deputados realizou nesta quinta-feira (15) sess\u00e3o solene em homenagem \u00e0 vereadora carioca Marielle Franco, de 38 anos, assassinada na noite de quarta-feira (14) na rua Joaquim Palhares, no Est\u00e1cio, regi\u00e3o central do Rio.<\/p>\n<p>A vereadora foi morta no carro em que estava com quatro tiros na cabe\u00e7a. No carro tamb\u00e9m estavam o motorista de Marielle, Anderson Pedro Gomes, tamb\u00e9m assassinado, e sua assessora, que foi atingida por estilha\u00e7os mas passa bem. Os criminosos fugiram sem levar nada.<\/p>\n<p>No in\u00edcio da noite, horas antes do crime, Marielle Franco havia participado de um evento de apoio a mulheres negras chamado Jovens Negras Movendo as Estruturas na rua dos Inv\u00e1lidos, na Lapa, centro do Rio.<\/p>\n<p>  Quatro dias antes do crime, Marielle fez den\u00fancias contra o Batalh\u00e3o de Iraj\u00e1 (41\u00ba BPM) em seu perfil nas redes sociais dizendo que a unidade estava aterrorizando e violentando moradores de Acari, comunidade na zona norte do Rio de Janeiro.<\/p>\n<p>Soci\u00f3loga, Marielle foi assessora parlamentar do deputado estadual Marcelo Freixo, seu colega no Psol, antes de se eleger vereadora. Em 2016, foi a quinta vereadora mais votada no Rio de Janeiro. Na C\u00e2mara de Vereadores, presidia a Comiss\u00e3o de Defesa da Mulher.<\/p>\n<p>Reportagem \u2013 Murilo Souza<br \/>\nEdi\u00e7\u00e3o \u2013 Natalia Doederlein<\/p>\n","protected":false},"excerpt":{"rendered":"<p>O Plen\u00e1rio da C\u00e2mara dos Deputados realizou nesta quinta-feira (15) sess\u00e3o solene em homenagem \u00e0 vereadora carioca Marielle Franco, de 38 anos, assassinada na noite de quarta-feira (14) na rua Joaquim Palhares, no Est\u00e1cio, regi\u00e3o central do Rio. A vereadora foi morta no carro em que estava com quatro tiros na cabe\u00e7a. No carro tamb\u00e9m &hellip;<\/p>\n","protected":false},"author":2,"featured_media":29522,"comment_status":"open","ping_status":"open","sticky":false,"template":"","format":"standard","meta":{"footnotes":""},"categories":[4],"tags":[],"class_list":["post-29852","post","type-post","status-publish","format-standard","has-post-thumbnail","hentry","category-ultimas-noticias"],"_links":{"self":[{"href":"https:\/\/goiasemtempo.com.br\/home\/wp-json\/wp\/v2\/posts\/29852","targetHints":{"allow":["GET"]}}],"collection":[{"href":"https:\/\/goiasemtempo.com.br\/home\/wp-json\/wp\/v2\/posts"}],"about":[{"href":"https:\/\/goiasemtempo.com.br\/home\/wp-json\/wp\/v2\/types\/post"}],"author":[{"embeddable":true,"href":"https:\/\/goiasemtempo.com.br\/home\/wp-json\/wp\/v2\/users\/2"}],"replies":[{"embeddable":true,"href":"https:\/\/goiasemtempo.com.br\/home\/wp-json\/wp\/v2\/comments?post=29852"}],"version-history":[{"count":1,"href":"https:\/\/goiasemtempo.com.br\/home\/wp-json\/wp\/v2\/posts\/29852\/revisions"}],"predecessor-version":[{"id":29853,"href":"https:\/\/goiasemtempo.com.br\/home\/wp-json\/wp\/v2\/posts\/29852\/revisions\/29853"}],"wp:featuredmedia":[{"embeddable":true,"href":"https:\/\/goiasemtempo.com.br\/home\/wp-json\/wp\/v2\/media\/29522"}],"wp:attachment":[{"href":"https:\/\/goiasemtempo.com.br\/home\/wp-json\/wp\/v2\/media?parent=29852"}],"wp:term":[{"taxonomy":"category","embeddable":true,"href":"https:\/\/goiasemtempo.com.br\/home\/wp-json\/wp\/v2\/categories?post=29852"},{"taxonomy":"post_tag","embeddable":true,"href":"https:\/\/goiasemtempo.com.br\/home\/wp-json\/wp\/v2\/tags?post=29852"}],"curies":[{"name":"wp","href":"https:\/\/api.w.org\/{rel}","templated":true}]}}