{"id":29804,"date":"2018-03-20T03:09:46","date_gmt":"2018-03-20T03:09:46","guid":{"rendered":"https:\/\/goiasemtempo.com.br\/home\/?p=29804"},"modified":"2018-03-20T03:09:46","modified_gmt":"2018-03-20T03:09:46","slug":"minc-lanca-programa-para-capacitar-produtores-culturais-sobre-leis-de-incentivos","status":"publish","type":"post","link":"https:\/\/goiasemtempo.com.br\/home\/minc-lanca-programa-para-capacitar-produtores-culturais-sobre-leis-de-incentivos\/","title":{"rendered":"MinC lan\u00e7a programa para capacitar produtores culturais sobre leis de incentivos"},"content":{"rendered":"<p>O Minist\u00e9rio da Cultura (MinC) lan\u00e7ou hoje (15), em S\u00e3o Paulo, o Circuito Cultura Gera Cultura cujo objetivo \u00e9 capacitar produtores culturais, gestores p\u00fablicos e patrocinadores para lidar com os mecanismos de fomento \u00e0 cultura dispon\u00edveis no governo federal. As equipes do MinC estar\u00e3o em todas as capitais brasileiras para orientar sobre a Lei Rouanet, a Lei do Audiovisual, o Fundo Setorial do Audiovisual, entre outros.<\/p>\n<p>Segundo o MinC, a primeira capital ser\u00e1 Macap\u00e1, no dia 2 de abril. O estado foi escolhido para ser o primeiro porque foi um dos tr\u00eas onde n\u00e3o houve capta\u00e7\u00e3o de recursos para a Lei Rouanet. Os outros foram Roraima e Acre, que recebem o circuito em 13 e 16 de abril, respectivamente. Os encontros ter\u00e3o formato de semin\u00e1rio e durar\u00e3o um dia em cada capital.<\/p>\n<p>Ser\u00e3o semin\u00e1rios de sensibiliza\u00e7\u00e3o e capacita\u00e7\u00e3o voltados sobretudo para artistas e produtores culturais e tamb\u00e9m para gestores p\u00fablicos de cultura, al\u00e9m de potenciais patrocinadores de projetos culturais e poss\u00edveis usu\u00e1rios da Lei Rouanet. N\u00f3s esperamos contribuir para sensibilizar empresas que hoje n\u00e3o se utilizam da lei e n\u00e3o patrocinam projetos culturais usando os benef\u00edcios fiscais passem a faz\u00ea-lo, sobretudo apoiando projetos locais, explicou o ministro da Cultura, S\u00e9rgio de S\u00e1 Leit\u00e3o.<\/p>\n<p>Segundo ele, o circuito dar\u00e1 grande impulso \u00e0 descentraliza\u00e7\u00e3o dos recursos. \u201cA Lei Rouanet \u00e9 um mecanismo de empoderamento dos contribuintes e d\u00e1 a eles o poder de decis\u00e3o e de escolha. Se querem recolher parte do seu imposto de renda diretamente para o governo ou se querem empregar essa parte no patroc\u00ednio a projetos culturais aprovados pelo Minist\u00e9rio da Cultura. Muito importante que essa decis\u00e3o de aplicar recursos localmente seja dos contribuintes, sobretudo no caso das empresas.<\/p>\n<p>S\u00e1 Leit\u00e3o disse que pretende participar da maior parte dos encontros, principalmente em capitais onde ainda n\u00e3o teve oportunidade de estar desde que assumiu o minist\u00e9rio. Ser\u00e1 uma \u00f3tima oportunidade de conhecer melhor a realidade local da cultura e da produ\u00e7\u00e3o cultural, ter uma intera\u00e7\u00e3o com os produtores e gestores e aprender com eles e ver de que maneira podemos melhorar a atua\u00e7\u00e3o do Minist\u00e9rio.<\/p>\n<p>De acordo com dados do MinC, o or\u00e7amento para a Lei Rouanet \u00e9 de R$ 1,35 bilh\u00e3o para este ano, de R$ 300 milh\u00f5es para a Lei do Audiovisual e cerca de R$ 1,2 bilh\u00e3o para o programa Audiovisual Gera Futuro, por meio do Fundo Setorial do Audiovisual, o que representa apenas 0,64% do montante total das ren\u00fancias concedidas pelo governo federal, calculada em R$ 284,8 bilh\u00f5es.<\/p>\n<p>Edi\u00e7\u00e3o: Fernando Fraga<\/p>\n","protected":false},"excerpt":{"rendered":"<p>O Minist\u00e9rio da Cultura (MinC) lan\u00e7ou hoje (15), em S\u00e3o Paulo, o Circuito Cultura Gera Cultura cujo objetivo \u00e9 capacitar produtores culturais, gestores p\u00fablicos e patrocinadores para lidar com os mecanismos de fomento \u00e0 cultura dispon\u00edveis no governo federal. As equipes do MinC estar\u00e3o em todas as capitais brasileiras para orientar sobre a Lei Rouanet, &hellip;<\/p>\n","protected":false},"author":2,"featured_media":29498,"comment_status":"open","ping_status":"open","sticky":false,"template":"","format":"standard","meta":{"footnotes":""},"categories":[4],"tags":[],"class_list":["post-29804","post","type-post","status-publish","format-standard","has-post-thumbnail","hentry","category-ultimas-noticias"],"_links":{"self":[{"href":"https:\/\/goiasemtempo.com.br\/home\/wp-json\/wp\/v2\/posts\/29804","targetHints":{"allow":["GET"]}}],"collection":[{"href":"https:\/\/goiasemtempo.com.br\/home\/wp-json\/wp\/v2\/posts"}],"about":[{"href":"https:\/\/goiasemtempo.com.br\/home\/wp-json\/wp\/v2\/types\/post"}],"author":[{"embeddable":true,"href":"https:\/\/goiasemtempo.com.br\/home\/wp-json\/wp\/v2\/users\/2"}],"replies":[{"embeddable":true,"href":"https:\/\/goiasemtempo.com.br\/home\/wp-json\/wp\/v2\/comments?post=29804"}],"version-history":[{"count":1,"href":"https:\/\/goiasemtempo.com.br\/home\/wp-json\/wp\/v2\/posts\/29804\/revisions"}],"predecessor-version":[{"id":29805,"href":"https:\/\/goiasemtempo.com.br\/home\/wp-json\/wp\/v2\/posts\/29804\/revisions\/29805"}],"wp:featuredmedia":[{"embeddable":true,"href":"https:\/\/goiasemtempo.com.br\/home\/wp-json\/wp\/v2\/media\/29498"}],"wp:attachment":[{"href":"https:\/\/goiasemtempo.com.br\/home\/wp-json\/wp\/v2\/media?parent=29804"}],"wp:term":[{"taxonomy":"category","embeddable":true,"href":"https:\/\/goiasemtempo.com.br\/home\/wp-json\/wp\/v2\/categories?post=29804"},{"taxonomy":"post_tag","embeddable":true,"href":"https:\/\/goiasemtempo.com.br\/home\/wp-json\/wp\/v2\/tags?post=29804"}],"curies":[{"name":"wp","href":"https:\/\/api.w.org\/{rel}","templated":true}]}}