{"id":29782,"date":"2018-03-20T03:02:18","date_gmt":"2018-03-20T03:02:18","guid":{"rendered":"https:\/\/goiasemtempo.com.br\/home\/?p=29782"},"modified":"2018-03-20T03:02:18","modified_gmt":"2018-03-20T03:02:18","slug":"agricultura-suspende-temporariamente-venda-de-carne-de-frango-a-uniao-europeia","status":"publish","type":"post","link":"https:\/\/goiasemtempo.com.br\/home\/agricultura-suspende-temporariamente-venda-de-carne-de-frango-a-uniao-europeia\/","title":{"rendered":"Agricultura suspende temporariamente venda de carne de frango \u00e0 Uni\u00e3o Europeia"},"content":{"rendered":"<p>O Minist\u00e9rio da Agricultura, Pecu\u00e1ria e Abastecimento anunciou hoje (16) a suspens\u00e3o tempor\u00e1ria das exporta\u00e7\u00f5es de carne de frango da empresa BRF para a Uni\u00e3o Europeia. A medida atinge tr\u00eas plantas frigor\u00edficas de Santa Catarina, localizadas nos munic\u00edpios de Conc\u00f3rdia, Chapec\u00f3 e Capinzal, que ficam impedidas de vender para o bloco europeu.<\/p>\n<p>A medida \u00e9 preventiva e tempor\u00e1ria, enquanto o pa\u00eds presta esclarecimentos sobre as den\u00fancias da terceira fase da Opera\u00e7\u00e3o Carne Fraca, informou o minist\u00e9rio. \u201cNa pr\u00f3xima semana, t\u00e9cnicos do Minist\u00e9rio da Agricultura ir\u00e3o at\u00e9 Bruxelas para reuni\u00e3o com autoridades sanit\u00e1rias da Uni\u00e3o Europeia. A expectativa \u00e9 que, ap\u00f3s o encontro, a medida seja reavaliada\u201d, diz nota divulgada pela pasta.<\/p>\n<p>Santa Catarina \u00e9 o segundo maior produtor de aves do Brasil. No ano passado, a produ\u00e7\u00e3o, cuja maior parte \u00e9 destinada ao mercado externo, ficou em 2,1 milh\u00f5es de toneladas. Segundo a nota, a carne de frango produzida e embarcada antes de 16 de mar\u00e7o pode ser comercializada na Europa e consumida sem restri\u00e7\u00f5es.<\/p>\n<p>A Uni\u00e3o Europeia \u00e9 um importante mercado para a avicultura catarinense e respondeu, no ano passado, por 15,2% das exporta\u00e7\u00f5es de carne de frango. No \u00faltimo ano, 147,8 mil toneladas do produto foram destinadas aos pa\u00edses do bloco europeu, gerando faturamento de US$ 364, 9 milh\u00f5es.<\/p>\n<p>Em nota, a Associa\u00e7\u00e3o Brasileira de Prote\u00edna Animal (ABPA), que representa a avicultura e a suinocultura no pa\u00eds, manifesta confian\u00e7a em uma efetiva e imediata solu\u00e7\u00e3o, pelo Minist\u00e9rio da Agricultura, para que se retomem as exporta\u00e7\u00f5es. A nota destaca que o setor gera 4,1 milh\u00f5es de empregos diretos e indireto no pa\u00eds, dos quais 100 mil ligados \u00e0 BRF. Segundo a associa\u00e7\u00e3o, a avicultura tamb\u00e9m contribuiu para o saldo positivo da balan\u00e7a comercial em mais de US$ 7 bilh\u00f5es em divisas.<\/p>\n<p>A associa\u00e7\u00e3o destaca ainda que a parceria de longa data com a Uni\u00e3o Europeia, para cujos pa\u00edses exportou mais de 5 milh\u00f5es de toneladas de carne de frango nos \u00faltimos 10 anos. Nunca houve qualquer registro de problemas de sa\u00fade p\u00fablica relacionados \u00e0 carne brasileira. N\u00e3o h\u00e1, portanto, motivos concretos para impor embargos a qualquer empresa de nosso setor, especialmente tratando de fatos passados e que j\u00e1 foram corrigidos, afirma a nota.<\/p>\n<p>Opera\u00e7\u00e3o Carne Fraca<\/p>\n<p>Deflagrada h\u00e1 um ano, pela Pol\u00edcia Federal (PF), a Opera\u00e7\u00e3o Carne Fraca investiga den\u00fancias de fraudes cometidas por fiscais agropecu\u00e1rios federais e empres\u00e1rios ligados \u00e0s empresas JBS e BRF. No dia 5 deste m\u00eas, na terceira etapa da Carne Fraca, que recebeu o nome de Opera\u00e7\u00e3o Trapa\u00e7a, a PF cumpriu 91 ordens judiciais em cinco estados: Paran\u00e1, Santa Catarina, Rio Grande do Sul, Goi\u00e1s e S\u00e3o Paulo, As a\u00e7\u00f5es culminaram na pris\u00e3o tempor\u00e1ria do ex-presidente da BRF Pedro de Andrade Faria e do ex-diretor e vice-presidente H\u00e9lio Rubens Mendes dos Santos J\u00fanior.<\/p>\n<p>Edi\u00e7\u00e3o: N\u00e1dia Franco<\/p>\n","protected":false},"excerpt":{"rendered":"<p>O Minist\u00e9rio da Agricultura, Pecu\u00e1ria e Abastecimento anunciou hoje (16) a suspens\u00e3o tempor\u00e1ria das exporta\u00e7\u00f5es de carne de frango da empresa BRF para a Uni\u00e3o Europeia. A medida atinge tr\u00eas plantas frigor\u00edficas de Santa Catarina, localizadas nos munic\u00edpios de Conc\u00f3rdia, Chapec\u00f3 e Capinzal, que ficam impedidas de vender para o bloco europeu. A medida \u00e9 &hellip;<\/p>\n","protected":false},"author":2,"featured_media":29487,"comment_status":"open","ping_status":"open","sticky":false,"template":"","format":"standard","meta":{"_exactmetrics_skip_tracking":false,"_exactmetrics_sitenote_active":false,"_exactmetrics_sitenote_note":"","_exactmetrics_sitenote_category":0,"footnotes":""},"categories":[4],"tags":[],"_links":{"self":[{"href":"https:\/\/goiasemtempo.com.br\/home\/wp-json\/wp\/v2\/posts\/29782"}],"collection":[{"href":"https:\/\/goiasemtempo.com.br\/home\/wp-json\/wp\/v2\/posts"}],"about":[{"href":"https:\/\/goiasemtempo.com.br\/home\/wp-json\/wp\/v2\/types\/post"}],"author":[{"embeddable":true,"href":"https:\/\/goiasemtempo.com.br\/home\/wp-json\/wp\/v2\/users\/2"}],"replies":[{"embeddable":true,"href":"https:\/\/goiasemtempo.com.br\/home\/wp-json\/wp\/v2\/comments?post=29782"}],"version-history":[{"count":1,"href":"https:\/\/goiasemtempo.com.br\/home\/wp-json\/wp\/v2\/posts\/29782\/revisions"}],"predecessor-version":[{"id":29783,"href":"https:\/\/goiasemtempo.com.br\/home\/wp-json\/wp\/v2\/posts\/29782\/revisions\/29783"}],"wp:featuredmedia":[{"embeddable":true,"href":"https:\/\/goiasemtempo.com.br\/home\/wp-json\/wp\/v2\/media\/29487"}],"wp:attachment":[{"href":"https:\/\/goiasemtempo.com.br\/home\/wp-json\/wp\/v2\/media?parent=29782"}],"wp:term":[{"taxonomy":"category","embeddable":true,"href":"https:\/\/goiasemtempo.com.br\/home\/wp-json\/wp\/v2\/categories?post=29782"},{"taxonomy":"post_tag","embeddable":true,"href":"https:\/\/goiasemtempo.com.br\/home\/wp-json\/wp\/v2\/tags?post=29782"}],"curies":[{"name":"wp","href":"https:\/\/api.w.org\/{rel}","templated":true}]}}