{"id":2975,"date":"2017-12-23T18:22:47","date_gmt":"2017-12-23T18:22:47","guid":{"rendered":"http:\/\/goiasemtempo.com.br\/home\/?p=2975"},"modified":"2017-12-23T18:22:47","modified_gmt":"2017-12-23T18:22:47","slug":"facebook-elimina-filtros-antissemitas-para-anunciantes","status":"publish","type":"post","link":"https:\/\/goiasemtempo.com.br\/home\/facebook-elimina-filtros-antissemitas-para-anunciantes\/","title":{"rendered":"Facebook elimina filtros antissemitas para anunciantes"},"content":{"rendered":"<p>O Facebook informou que est\u00e1 revisando suas pol\u00edticas de an\u00fancios publicit\u00e1rios para evitar direcionamentos discriminat\u00f3rios, ap\u00f3s uma reportagem indicar que os anunciantes podem dirigir suas mensagens a categorias de potenciais clientes como pessoas que odeiam judeus.<\/p>\n<p>A maior rede social do mundo anunciou a mudan\u00e7a ap\u00f3s o site de jornalismo investigativo sem fins lucrativos Pro Publica revelar, na quinta-feira, que os filtros do Facebook possibilitavam aos anunciantes direcionarem a publicidade a segmentos espec\u00edficos, inclusive os antissemitas.<\/p>\n<p>O gerente de produtos do Facebook, Rob Leathern, disse nesta sexta-feira que a empresa mudou sua pol\u00edtica de orienta\u00e7\u00e3o de an\u00fancios depois de se inteirar da reportagem, garantindo que as mensagens que representam discursos de \u00f3dio s\u00e3o proibidas na rede social.<\/p>\n<p>Nossos padr\u00f5es comunit\u00e1rios pro\u00edbem estritamente atacar as pessoas com base em suas caracter\u00edsticas pessoais, inclusive religi\u00e3o, e proibimos os anunciantes de discriminarem as pessoas com base em religi\u00e3o e outros atributos, disse Leathern numa declara\u00e7\u00e3o enviada \u00e0 AFP.<\/p>\n<p>Contudo, h\u00e1 momentos em que aflora em nossa plataforma conte\u00fado que infringe nossos padr\u00f5es. Neste caso, eliminamos os campos de segmenta\u00e7\u00e3o associados. Sabemos que temos mais trabalho a ser feito, mas tamb\u00e9m estamos construindo novos muros de conten\u00e7\u00e3o no nosso produto e revisando processos para evitar que esses problemas se repitam no futuro, explicou.<\/p>\n<p>A equipe da Pro Publica explicou que se registrou no sistema de an\u00fancios automatizados do Facebook e descobriu pessoas que odeiam judeus como uma das categorias poss\u00edveis, com 2.274 membros atribu\u00eddos a ela. Eles foram registrados neste grupo ap\u00f3s terem expressado seu interesse por temas como Como queimar judeus, ou Hist\u00f3ria sobre por que os judeus destroem o mundo.<\/p>\n<p>Os an\u00fancios direcionados n\u00e3o se destinam a grupos t\u00e3o pequenos, portanto, o sistema sugeriu como alternativa a categoria Segunda Emenda, como \u00e9 conhecido o direito garantido na Constitui\u00e7\u00e3o dos Estados Unidos ao porte de armas. O sistema tinha relacionado os entusiastas das armas aos antissemitas.<\/p>\n<p>O informe destacou que as categorias antissemitas foram criadas por algoritmos, e n\u00e3o pessoas, baseando-se em informa\u00e7\u00f5es que os usu\u00e1rios do Facebook postam em seus perfis e outros dados.<\/p>\n<p>Para ajudar a garantir que a focaliza\u00e7\u00e3o n\u00e3o seja usada com fins discriminat\u00f3rios, estamos eliminando esses filtros at\u00e9 que tenhamos processos adequados para ajudar a prevenir esse problema, disse a empresa em uma declara\u00e7\u00e3o.<\/p>\n","protected":false},"excerpt":{"rendered":"<p>O Facebook informou que est\u00e1 revisando suas pol\u00edticas de an\u00fancios publicit\u00e1rios para evitar direcionamentos discriminat\u00f3rios, ap\u00f3s uma reportagem indicar que os anunciantes podem dirigir suas mensagens a categorias de potenciais clientes como pessoas que odeiam judeus. A maior rede social do mundo anunciou a mudan\u00e7a ap\u00f3s o site de jornalismo investigativo sem fins lucrativos Pro &hellip;<\/p>\n","protected":false},"author":2,"featured_media":875,"comment_status":"open","ping_status":"open","sticky":false,"template":"","format":"standard","meta":{"footnotes":""},"categories":[4],"tags":[],"class_list":["post-2975","post","type-post","status-publish","format-standard","has-post-thumbnail","hentry","category-ultimas-noticias"],"_links":{"self":[{"href":"https:\/\/goiasemtempo.com.br\/home\/wp-json\/wp\/v2\/posts\/2975","targetHints":{"allow":["GET"]}}],"collection":[{"href":"https:\/\/goiasemtempo.com.br\/home\/wp-json\/wp\/v2\/posts"}],"about":[{"href":"https:\/\/goiasemtempo.com.br\/home\/wp-json\/wp\/v2\/types\/post"}],"author":[{"embeddable":true,"href":"https:\/\/goiasemtempo.com.br\/home\/wp-json\/wp\/v2\/users\/2"}],"replies":[{"embeddable":true,"href":"https:\/\/goiasemtempo.com.br\/home\/wp-json\/wp\/v2\/comments?post=2975"}],"version-history":[{"count":1,"href":"https:\/\/goiasemtempo.com.br\/home\/wp-json\/wp\/v2\/posts\/2975\/revisions"}],"predecessor-version":[{"id":2976,"href":"https:\/\/goiasemtempo.com.br\/home\/wp-json\/wp\/v2\/posts\/2975\/revisions\/2976"}],"wp:featuredmedia":[{"embeddable":true,"href":"https:\/\/goiasemtempo.com.br\/home\/wp-json\/wp\/v2\/media\/875"}],"wp:attachment":[{"href":"https:\/\/goiasemtempo.com.br\/home\/wp-json\/wp\/v2\/media?parent=2975"}],"wp:term":[{"taxonomy":"category","embeddable":true,"href":"https:\/\/goiasemtempo.com.br\/home\/wp-json\/wp\/v2\/categories?post=2975"},{"taxonomy":"post_tag","embeddable":true,"href":"https:\/\/goiasemtempo.com.br\/home\/wp-json\/wp\/v2\/tags?post=2975"}],"curies":[{"name":"wp","href":"https:\/\/api.w.org\/{rel}","templated":true}]}}