{"id":29434,"date":"2018-03-19T21:58:39","date_gmt":"2018-03-19T21:58:39","guid":{"rendered":"https:\/\/goiasemtempo.com.br\/home\/?p=29434"},"modified":"2018-03-19T21:58:39","modified_gmt":"2018-03-19T21:58:39","slug":"atendimentos-e-orientacoes-marcam-o-mes-da-mulher-em-anapolis","status":"publish","type":"post","link":"https:\/\/goiasemtempo.com.br\/home\/atendimentos-e-orientacoes-marcam-o-mes-da-mulher-em-anapolis\/","title":{"rendered":"Atendimentos e orienta\u00e7\u00f5es marcam o M\u00eas da Mulher em An\u00e1polis"},"content":{"rendered":"<p>Mar\u00e7o \u00e9 o m\u00eas delas. E para comemorar a ocasi\u00e3o, a Secretaria de Sa\u00fade da Prefeitura de An\u00e1polis desenvolve uma s\u00e9rie de atividades no Cais Mulher. Nos dias 26 e 27, est\u00e3o programadas palestras com profissionais especializados, para discorrer sobre temas importantes para a sa\u00fade da mulher.<\/p>\n<p>Os principais temas s\u00e3o: a import\u00e2ncia da preven\u00e7\u00e3o no c\u00e2ncer de mama, como uma alimenta\u00e7\u00e3o adequada pode refletir sobre os processos hormonais das mulheres, uso indevido de anticoncepcionais e p\u00edlulas abortivas, HPV \u2013 atua\u00e7\u00e3o dos funcionais da sa\u00fade, a\u00e7\u00e3o da fisioterapia no pr\u00e9 e p\u00f3s-parto, amamenta\u00e7\u00e3o, a\u00e7\u00e3o de amor e de carinho e transtornos psiqui\u00e1tricos no p\u00f3s-parto.<\/p>\n<p><strong>Atendimentos<\/strong><\/p>\n<p>No s\u00e1bado, 17, as atividades tiveram foco em triagens para encaminhamentos a nutricionistas e fisioterapeutas. Orienta\u00e7\u00f5es sobre cuidados gerais com a sa\u00fade fizeram parte da a\u00e7\u00e3o. As mulheres tamb\u00e9m realizaram exames ginecol\u00f3gicos com a equipe de enfermagem, como colpocitologia (Teste de Papanicolau) e cl\u00ednico das mamas, al\u00e9m de receberem informa\u00e7\u00f5es sobre planejamento familiar.<\/p>\n<p>Verificada a necessidade, elas foram encaminhadas para realiza\u00e7\u00e3o de consultas m\u00e9dicas e para pedidos de exames. Teve ainda testes r\u00e1pidos para s\u00edfilis, HIV, hepatites B e C. CMTT, Faculdade Anhanguera e Maternidade Dr. Adalberto s\u00e3o parceiros na iniciativa.<\/p>\n<p>&nbsp;<\/p>\n<p>&nbsp;<\/p>\n","protected":false},"excerpt":{"rendered":"<p>Mar\u00e7o \u00e9 o m\u00eas delas. E para comemorar a ocasi\u00e3o, a Secretaria de Sa\u00fade da Prefeitura de An\u00e1polis desenvolve uma s\u00e9rie de atividades no Cais Mulher. Nos dias 26 e 27, est\u00e3o programadas palestras com profissionais especializados, para discorrer sobre temas importantes para a sa\u00fade da mulher. Os principais temas s\u00e3o: a import\u00e2ncia da preven\u00e7\u00e3o &hellip;<\/p>\n","protected":false},"author":3,"featured_media":29435,"comment_status":"open","ping_status":"open","sticky":false,"template":"","format":"standard","meta":{"_exactmetrics_skip_tracking":false,"_exactmetrics_sitenote_active":false,"_exactmetrics_sitenote_note":"","_exactmetrics_sitenote_category":0,"footnotes":""},"categories":[15],"tags":[],"_links":{"self":[{"href":"https:\/\/goiasemtempo.com.br\/home\/wp-json\/wp\/v2\/posts\/29434"}],"collection":[{"href":"https:\/\/goiasemtempo.com.br\/home\/wp-json\/wp\/v2\/posts"}],"about":[{"href":"https:\/\/goiasemtempo.com.br\/home\/wp-json\/wp\/v2\/types\/post"}],"author":[{"embeddable":true,"href":"https:\/\/goiasemtempo.com.br\/home\/wp-json\/wp\/v2\/users\/3"}],"replies":[{"embeddable":true,"href":"https:\/\/goiasemtempo.com.br\/home\/wp-json\/wp\/v2\/comments?post=29434"}],"version-history":[{"count":1,"href":"https:\/\/goiasemtempo.com.br\/home\/wp-json\/wp\/v2\/posts\/29434\/revisions"}],"predecessor-version":[{"id":29436,"href":"https:\/\/goiasemtempo.com.br\/home\/wp-json\/wp\/v2\/posts\/29434\/revisions\/29436"}],"wp:featuredmedia":[{"embeddable":true,"href":"https:\/\/goiasemtempo.com.br\/home\/wp-json\/wp\/v2\/media\/29435"}],"wp:attachment":[{"href":"https:\/\/goiasemtempo.com.br\/home\/wp-json\/wp\/v2\/media?parent=29434"}],"wp:term":[{"taxonomy":"category","embeddable":true,"href":"https:\/\/goiasemtempo.com.br\/home\/wp-json\/wp\/v2\/categories?post=29434"},{"taxonomy":"post_tag","embeddable":true,"href":"https:\/\/goiasemtempo.com.br\/home\/wp-json\/wp\/v2\/tags?post=29434"}],"curies":[{"name":"wp","href":"https:\/\/api.w.org\/{rel}","templated":true}]}}