{"id":29390,"date":"2018-03-18T08:54:48","date_gmt":"2018-03-18T08:54:48","guid":{"rendered":"https:\/\/goiasemtempo.com.br\/home\/?p=29390"},"modified":"2018-03-18T08:54:48","modified_gmt":"2018-03-18T08:54:48","slug":"unidades-da-funac-homenageiam-as-mulheres-da-comunidade-socioeducativa","status":"publish","type":"post","link":"https:\/\/goiasemtempo.com.br\/home\/unidades-da-funac-homenageiam-as-mulheres-da-comunidade-socioeducativa\/","title":{"rendered":"Unidades da Funac homenageiam as mulheres da comunidade socioeducativa"},"content":{"rendered":"<p>O m\u00eas de mar\u00e7o foi marcado por homenagens \u00e0s mulheres na Funda\u00e7\u00e3o da Crian\u00e7a e do Adolescente (Funac). As unidades promoveram momentos de confraterniza\u00e7\u00e3o, roda de di\u00e1logos, caf\u00e9 da manh\u00e3, entre outras atividades envolvendo toda a comunidade socioeducativa. E na sede administrativa, as servidoras tamb\u00e9m foram homenageadas.<\/p>\n<p>As a\u00e7\u00f5es destacaram a for\u00e7a e a import\u00e2ncia da mulher no mercado de trabalho, nas suas fam\u00edlias e na sociedade.\u201cTemos mulheres atuantes na socioeduca\u00e7\u00e3o, que conduzem com muita responsabilidade e compet\u00eancia o seu trabalho, s\u00e3o um diferencial na gest\u00e3o e, por isso, parabenizamos a todas que contribuem nessa luta conosco\u201d, elogiou a presidente da Funac, Elis\u00e2ngela Cardoso.<\/p>\n<p>No Centro de Juventude Florescer, unidade de medida socioeducativa feminina, foi realizada uma programa\u00e7\u00e3o especial com roda de di\u00e1logo e a participa\u00e7\u00e3o da promotora de justi\u00e7a da 6\u00aa promotoria da inf\u00e2ncia e juventude, Fernanda Ferreira, que compartilhou com as socioeducandas a sua trajet\u00f3ria de vida.<\/p>\n<p>Um encontro tem\u00e1tico sobre a Lei Maria da Penha marcou o in\u00edcio das comemora\u00e7\u00f5es pelo dia da mulher no Centro de Juventude S\u00edtio Nova Vida, em Pa\u00e7o do Lumiar. E no s\u00e1bado (11), a equipe t\u00e9cnica realizou tamb\u00e9m uma homenagem as m\u00e3es, esposas e respons\u00e1veis pelos socioeducandos, com ora\u00e7\u00f5es, reflex\u00f5es e apresenta\u00e7\u00e3o cultural dos jovens que participam da oficina de m\u00fasica e percuss\u00e3o.<\/p>\n<p>O artesanato foi a atividade escolhida pelo Centro de Juventude Eldorado para lembrar de forma especial das mulheres, os adolescentes participaram de oficinas para confec\u00e7\u00e3o de canetas e outras lembran\u00e7as que foram entregues as fam\u00edlias.<\/p>\n<p>Em Imperatriz, no Centro de Juventude Semear, a professora e coordenadora da Secretaria Municipal da Mulher, Concei\u00e7\u00e3o Formiga, conversou com os adolescentes em uma palestra sobre \u201cA import\u00e2ncia da mulher na sociedade contempor\u00e2nea\u201d. E na unidade de interna\u00e7\u00e3o do Centro Socioeducativo da Regi\u00e3o Tocantina, a tem\u00e1tica foi sobre a valoriza\u00e7\u00e3o da mulher em atividade conduzida pela equipe t\u00e9cnica da unidade.<\/p>\n<p>Encerrando as homenagens, o N\u00facleo de Atendimento Inicial e a Sede administrativa realizam momentos de reconhecimento \u00e0s servidoras. A gestora da Funda\u00e7\u00e3o enfatizou seu reconhecimento aos m\u00faltiplos pap\u00e9is que a mulher desempenha na sociedade com responsabilidade.<\/p>\n","protected":false},"excerpt":{"rendered":"<p>O m\u00eas de mar\u00e7o foi marcado por homenagens \u00e0s mulheres na Funda\u00e7\u00e3o da Crian\u00e7a e do Adolescente (Funac). As unidades promoveram momentos de confraterniza\u00e7\u00e3o, roda de di\u00e1logos, caf\u00e9 da manh\u00e3, entre outras atividades envolvendo toda a comunidade socioeducativa. E na sede administrativa, as servidoras tamb\u00e9m foram homenageadas. As a\u00e7\u00f5es destacaram a for\u00e7a e a import\u00e2ncia &hellip;<\/p>\n","protected":false},"author":2,"featured_media":27430,"comment_status":"open","ping_status":"open","sticky":false,"template":"","format":"standard","meta":{"_exactmetrics_skip_tracking":false,"_exactmetrics_sitenote_active":false,"_exactmetrics_sitenote_note":"","_exactmetrics_sitenote_category":0,"footnotes":""},"categories":[4],"tags":[],"_links":{"self":[{"href":"https:\/\/goiasemtempo.com.br\/home\/wp-json\/wp\/v2\/posts\/29390"}],"collection":[{"href":"https:\/\/goiasemtempo.com.br\/home\/wp-json\/wp\/v2\/posts"}],"about":[{"href":"https:\/\/goiasemtempo.com.br\/home\/wp-json\/wp\/v2\/types\/post"}],"author":[{"embeddable":true,"href":"https:\/\/goiasemtempo.com.br\/home\/wp-json\/wp\/v2\/users\/2"}],"replies":[{"embeddable":true,"href":"https:\/\/goiasemtempo.com.br\/home\/wp-json\/wp\/v2\/comments?post=29390"}],"version-history":[{"count":1,"href":"https:\/\/goiasemtempo.com.br\/home\/wp-json\/wp\/v2\/posts\/29390\/revisions"}],"predecessor-version":[{"id":29391,"href":"https:\/\/goiasemtempo.com.br\/home\/wp-json\/wp\/v2\/posts\/29390\/revisions\/29391"}],"wp:featuredmedia":[{"embeddable":true,"href":"https:\/\/goiasemtempo.com.br\/home\/wp-json\/wp\/v2\/media\/27430"}],"wp:attachment":[{"href":"https:\/\/goiasemtempo.com.br\/home\/wp-json\/wp\/v2\/media?parent=29390"}],"wp:term":[{"taxonomy":"category","embeddable":true,"href":"https:\/\/goiasemtempo.com.br\/home\/wp-json\/wp\/v2\/categories?post=29390"},{"taxonomy":"post_tag","embeddable":true,"href":"https:\/\/goiasemtempo.com.br\/home\/wp-json\/wp\/v2\/tags?post=29390"}],"curies":[{"name":"wp","href":"https:\/\/api.w.org\/{rel}","templated":true}]}}