{"id":29352,"date":"2018-03-18T08:41:05","date_gmt":"2018-03-18T08:41:05","guid":{"rendered":"https:\/\/goiasemtempo.com.br\/home\/?p=29352"},"modified":"2018-03-18T08:41:05","modified_gmt":"2018-03-18T08:41:05","slug":"13o-forum-economico-mundial-da-al-aborda-desafios-para-a-regiao","status":"publish","type":"post","link":"https:\/\/goiasemtempo.com.br\/home\/13o-forum-economico-mundial-da-al-aborda-desafios-para-a-regiao\/","title":{"rendered":"13\u00ba F\u00f3rum Econ\u00f4mico Mundial da AL aborda desafios para a regi\u00e3o"},"content":{"rendered":"<p>O governador Geraldo Alckmin participou, nesta quarta-feira (14), da abertura oficial do 13\u00ba F\u00f3rum Econ\u00f4mico Mundial da Am\u00e9rica Latina, realizado em S\u00e3o Paulo. O evento deve reunir mais de 700 l\u00edderes de empresas, governos e a sociedade civil para debater desafios e oportunidades na arena socioecon\u00f4mica.<\/p>\n<p>\u201cO f\u00f3rum ocorre em um bom momento da economia internacional e em um per\u00edodo de recupera\u00e7\u00e3o forte do cen\u00e1rio econ\u00f4mico brasileiro. Ao mesmo tempo, existem grandes desafios na nossa regi\u00e3o. Temos o desafio da desigualdade de renda, da abertura econ\u00f4mica e da seguran\u00e7a. A integra\u00e7\u00e3o latino-americana \u00e9 importante\u201d, ressaltou Alckmin.<\/p>\n<p>Com o tema \u201cAm\u00e9rica Latina no Ponto de Inflex\u00e3o: Criando uma Nova Narrativa\u201d, a reuni\u00e3o pretende ajudar a estabelecer um novo contexto, baseado na riqueza de recursos humanos e naturais que a regi\u00e3o apresenta, com o foco principal em lideran\u00e7a respons\u00e1vel e no bem-estar da popula\u00e7\u00e3o.<\/p>\n<p>O tema tamb\u00e9m aborda a tecnologia e inova\u00e7\u00e3o, que ser\u00e3o fatores importantes para a moderniza\u00e7\u00e3o das economias regionais, o aumento da produtividade e o progresso econ\u00f4mico para todos.<\/p>\n<p>No plen\u00e1rio de abertura, Alckmin refor\u00e7ou a import\u00e2ncia dos investimentos em educa\u00e7\u00e3o para acelerar o desenvolvimento brasileiro. O debate contou com a participa\u00e7\u00e3o do ex-jogador de futebol Edson Arantes do Nascimento, o Pel\u00e9, o presidente do Brasil, Michel Temer, o prefeito de S\u00e3o Paulo, Jo\u00e3o Doria, e o presidente-executivo do F\u00f3rum Econ\u00f4mico Mundial, Klaus Schwab.<\/p>\n<p>\u201cInvestimos fortemente na educa\u00e7\u00e3o de qualidade, especialmente na Educa\u00e7\u00e3o B\u00e1sica. No ensino infantil, o desafio \u00e9 universalizar a oportunidade para crian\u00e7as de zero a cinco anos, para entrarem no primeiro ano praticamente alfabetizadas\u201d, destacou o governador Geraldo Alckmin.<\/p>\n<p>Transforma\u00e7\u00f5es<\/p>\n<p>Para as organiza\u00e7\u00f5es, o encontro ajudar\u00e1 a influenciar as transforma\u00e7\u00f5es econ\u00f4micas, pol\u00edticas e tecnol\u00f3gicas que est\u00e3o por vir. Outro tema dos debates ser\u00e1 como a Quarta Revolu\u00e7\u00e3o Industrial pode auxiliar a regi\u00e3o a maximizar o potencial e promover o esp\u00edrito empreendedor e ecossistema de start-ups.<\/p>\n<p>\u201cA reuni\u00e3o regional de 2018 ser\u00e1, sem d\u00favida, um marco para a agenda da Am\u00e9rica Latina. Com a articula\u00e7\u00e3o de l\u00edderes dos setores p\u00fablico e privado e da sociedade civil, podemos exercer uma influ\u00eancia coletiva sobre a narrativa da regi\u00e3o\u201d, disse Marisol Argueta de Barillas, chefe de Estrat\u00e9gia Regional \u2013 Am\u00e9rica Latina e Membro do Comit\u00ea Executivo, do World Economic LLC.<\/p>\n<p>De acordo com Geraldo Alckmin, a capital paulista recebe com entusiasmo os participantes do evento. \u201cA cidade de S\u00e3o Paulo sediou o primeiro World Economic Forum on Latin America pela primeira vez doze anos atr\u00e1s, em 2006. Esse \u00e9 um momento especial, uma reuni\u00e3o que representa uma grande honra para nosso pa\u00eds e uma oportunidade de trabalhar em conjunto com o f\u00f3rum para abrir um di\u00e1logo e conscientizar as pessoas sobre os maiores desafios globais. S\u00e3o Paulo recebe os integrantes de bra\u00e7os abertos. Desejo a todos um evento excelente\u201d, afirmou o governador.<\/p>\n<p>\u201c\u00c9 uma grande satisfa\u00e7\u00e3o para a cidade de S\u00e3o Paulo sediar o World Economic Forum on Latin America. A cidade \u00e9 o maior centro de consumo da regi\u00e3o. Com a retomada do crescimento, o Brasil pode apoiar a expans\u00e3o da economia regional. Para o investidor internacional, \u00e9 uma \u00f3tima oportunidade para conhecer as v\u00e1rias oportunidades de neg\u00f3cios no Estado e na cidade de S\u00e3o Paulo\u201d, explicou o prefeito Jo\u00e3o Doria.<\/p>\n<p>O evento tamb\u00e9m contou com as participa\u00e7\u00f5es de Isabel Saint Malo de Alvarado, vice-presidente do Panam\u00e1, Jorge Faurie, ministro de Rela\u00e7\u00f5es Exteriores e Culto da Argentina, C\u00e1rmen L\u00facia Antunes Rocha, presidente do Supremo Tribunal Federal, e Henrique Meirelles, ministro da Fazenda, al\u00e9m de outras autoridades da regi\u00e3o.<\/p>\n","protected":false},"excerpt":{"rendered":"<p>O governador Geraldo Alckmin participou, nesta quarta-feira (14), da abertura oficial do 13\u00ba F\u00f3rum Econ\u00f4mico Mundial da Am\u00e9rica Latina, realizado em S\u00e3o Paulo. O evento deve reunir mais de 700 l\u00edderes de empresas, governos e a sociedade civil para debater desafios e oportunidades na arena socioecon\u00f4mica. \u201cO f\u00f3rum ocorre em um bom momento da economia &hellip;<\/p>\n","protected":false},"author":2,"featured_media":27411,"comment_status":"open","ping_status":"open","sticky":false,"template":"","format":"standard","meta":{"footnotes":""},"categories":[4],"tags":[],"class_list":["post-29352","post","type-post","status-publish","format-standard","has-post-thumbnail","hentry","category-ultimas-noticias"],"_links":{"self":[{"href":"https:\/\/goiasemtempo.com.br\/home\/wp-json\/wp\/v2\/posts\/29352","targetHints":{"allow":["GET"]}}],"collection":[{"href":"https:\/\/goiasemtempo.com.br\/home\/wp-json\/wp\/v2\/posts"}],"about":[{"href":"https:\/\/goiasemtempo.com.br\/home\/wp-json\/wp\/v2\/types\/post"}],"author":[{"embeddable":true,"href":"https:\/\/goiasemtempo.com.br\/home\/wp-json\/wp\/v2\/users\/2"}],"replies":[{"embeddable":true,"href":"https:\/\/goiasemtempo.com.br\/home\/wp-json\/wp\/v2\/comments?post=29352"}],"version-history":[{"count":1,"href":"https:\/\/goiasemtempo.com.br\/home\/wp-json\/wp\/v2\/posts\/29352\/revisions"}],"predecessor-version":[{"id":29353,"href":"https:\/\/goiasemtempo.com.br\/home\/wp-json\/wp\/v2\/posts\/29352\/revisions\/29353"}],"wp:featuredmedia":[{"embeddable":true,"href":"https:\/\/goiasemtempo.com.br\/home\/wp-json\/wp\/v2\/media\/27411"}],"wp:attachment":[{"href":"https:\/\/goiasemtempo.com.br\/home\/wp-json\/wp\/v2\/media?parent=29352"}],"wp:term":[{"taxonomy":"category","embeddable":true,"href":"https:\/\/goiasemtempo.com.br\/home\/wp-json\/wp\/v2\/categories?post=29352"},{"taxonomy":"post_tag","embeddable":true,"href":"https:\/\/goiasemtempo.com.br\/home\/wp-json\/wp\/v2\/tags?post=29352"}],"curies":[{"name":"wp","href":"https:\/\/api.w.org\/{rel}","templated":true}]}}