{"id":29208,"date":"2018-03-18T07:49:04","date_gmt":"2018-03-18T07:49:04","guid":{"rendered":"https:\/\/goiasemtempo.com.br\/home\/?p=29208"},"modified":"2018-03-18T07:49:04","modified_gmt":"2018-03-18T07:49:04","slug":"camara-escolhe-deputado-aleluia-e-ex-ministro-eugenio-aragao-para-integrar-conselho-da-republica","status":"publish","type":"post","link":"https:\/\/goiasemtempo.com.br\/home\/camara-escolhe-deputado-aleluia-e-ex-ministro-eugenio-aragao-para-integrar-conselho-da-republica\/","title":{"rendered":"C\u00e2mara escolhe deputado Aleluia e ex-ministro Eug\u00eanio Arag\u00e3o para integrar Conselho da Rep\u00fablica"},"content":{"rendered":"<p>O Plen\u00e1rio da C\u00e2mara dos Deputados elegeu dois membros do Conselho da Rep\u00fablica nas vagas que cabe \u00e0 Casa indicar conforme previsto na Constitui\u00e7\u00e3o. Foram indicados o deputado Jos\u00e9 Carlos Aleluia (DEM-BA), com 168 votos, e o ex-ministro da Justi\u00e7a Eug\u00eanio Jos\u00e9 Guilherme de Arag\u00e3o, com 156 votos, indicado pelo PT.<\/p>\n<p>O suplente de Aleluia ser\u00e1 o deputado Capit\u00e3o Augusto (PR-SP), que recebeu 135 votos. J\u00e1 o suplente de Eug\u00eanio Arag\u00e3o ser\u00e1 o ex-presidente da Ordem dos Advogados do Brasil (OAB) Marcello Laven\u00e8re Machado, que obteve 97 votos. Ele foi indicado pelo PCdoB.<\/p>\n<p>Cada um dos indicados e seu respectivo suplente foi escolhido dentro de dois grupos de candidatos (base governista e oposi\u00e7\u00e3o). Ou seja, n\u00e3o houve concorr\u00eancia entre candidatos de grupos diferentes.<\/p>\n<p>Tamb\u00e9m concorreram \u00e0s vagas, pelos partidos da base governista, a cientista pol\u00edtica indicada pelo PPS Ilona Szab\u00f3 de Carvalho; o deputado Carlos Sampaio (PSDB-SP); o deputado Marcelo Squassoni (PRB-SP); e o coronel da PM Marco Ant\u00f4nio Badar\u00f3 Bianchini, indicado pelo Avante.<\/p>\n<p>No grupo da oposi\u00e7\u00e3o, tamb\u00e9m concorreu \u00e0 vaga a cientista social M\u00f4nica Santos Francisco, indicada pelo Psol.<\/p>\n<p>\u00d3rg\u00e3o de consulta<br \/>\nO Conselho da Rep\u00fablica \u00e9 um \u00f3rg\u00e3o superior de consulta do presidente da Rep\u00fablica criado pela Constitui\u00e7\u00e3o de 1988. Desse conselho, participam o vice-presidente da Rep\u00fablica, o presidente da C\u00e2mara dos Deputados, o presidente do Senado Federal, os l\u00edderes da Maioria e da Minoria na C\u00e2mara e no Senado, o ministro da Justi\u00e7a e seis cidad\u00e3os brasileiros natos, com mais de 35 anos de idade.<\/p>\n<p>Dos seis cidad\u00e3os indicados, dois ser\u00e3o nomeados pelo presidente da Rep\u00fablica, dois eleitos pelo Senado Federal e dois eleitos pela C\u00e2mara dos Deputados. Todos esses seis indicados ter\u00e3o mandato de tr\u00eas anos, vedada a recondu\u00e7\u00e3o.<\/p>\n<p>Compet\u00eancias<br \/>\nAo Conselho da Rep\u00fablica compete se pronunciar sobre interven\u00e7\u00e3o federal, estado de defesa e estado de s\u00edtio; e quest\u00f5es relevantes para a estabilidade das institui\u00e7\u00f5es democr\u00e1ticas.<\/p>\n<p>Quando constar da pauta quest\u00e3o relacionada com um outro minist\u00e9rio, o presidente da Rep\u00fablica poder\u00e1 convocar o titular da pasta para participar da reuni\u00e3o do conselho.<br \/>\nReportagem \u2013 Eduardo Piovesan<br \/>\nEdi\u00e7\u00e3o \u2013 Pierre Triboli<\/p>\n","protected":false},"excerpt":{"rendered":"<p>O Plen\u00e1rio da C\u00e2mara dos Deputados elegeu dois membros do Conselho da Rep\u00fablica nas vagas que cabe \u00e0 Casa indicar conforme previsto na Constitui\u00e7\u00e3o. Foram indicados o deputado Jos\u00e9 Carlos Aleluia (DEM-BA), com 168 votos, e o ex-ministro da Justi\u00e7a Eug\u00eanio Jos\u00e9 Guilherme de Arag\u00e3o, com 156 votos, indicado pelo PT. O suplente de Aleluia &hellip;<\/p>\n","protected":false},"author":2,"featured_media":27339,"comment_status":"open","ping_status":"open","sticky":false,"template":"","format":"standard","meta":{"footnotes":""},"categories":[4],"tags":[],"class_list":["post-29208","post","type-post","status-publish","format-standard","has-post-thumbnail","hentry","category-ultimas-noticias"],"_links":{"self":[{"href":"https:\/\/goiasemtempo.com.br\/home\/wp-json\/wp\/v2\/posts\/29208","targetHints":{"allow":["GET"]}}],"collection":[{"href":"https:\/\/goiasemtempo.com.br\/home\/wp-json\/wp\/v2\/posts"}],"about":[{"href":"https:\/\/goiasemtempo.com.br\/home\/wp-json\/wp\/v2\/types\/post"}],"author":[{"embeddable":true,"href":"https:\/\/goiasemtempo.com.br\/home\/wp-json\/wp\/v2\/users\/2"}],"replies":[{"embeddable":true,"href":"https:\/\/goiasemtempo.com.br\/home\/wp-json\/wp\/v2\/comments?post=29208"}],"version-history":[{"count":1,"href":"https:\/\/goiasemtempo.com.br\/home\/wp-json\/wp\/v2\/posts\/29208\/revisions"}],"predecessor-version":[{"id":29209,"href":"https:\/\/goiasemtempo.com.br\/home\/wp-json\/wp\/v2\/posts\/29208\/revisions\/29209"}],"wp:featuredmedia":[{"embeddable":true,"href":"https:\/\/goiasemtempo.com.br\/home\/wp-json\/wp\/v2\/media\/27339"}],"wp:attachment":[{"href":"https:\/\/goiasemtempo.com.br\/home\/wp-json\/wp\/v2\/media?parent=29208"}],"wp:term":[{"taxonomy":"category","embeddable":true,"href":"https:\/\/goiasemtempo.com.br\/home\/wp-json\/wp\/v2\/categories?post=29208"},{"taxonomy":"post_tag","embeddable":true,"href":"https:\/\/goiasemtempo.com.br\/home\/wp-json\/wp\/v2\/tags?post=29208"}],"curies":[{"name":"wp","href":"https:\/\/api.w.org\/{rel}","templated":true}]}}