{"id":2917,"date":"2017-12-23T17:58:28","date_gmt":"2017-12-23T17:58:28","guid":{"rendered":"http:\/\/goiasemtempo.com.br\/home\/?p=2917"},"modified":"2017-12-23T17:58:28","modified_gmt":"2017-12-23T17:58:28","slug":"irritados-com-referendo-empresarios-catalaes-preparam-planos-alternativos","status":"publish","type":"post","link":"https:\/\/goiasemtempo.com.br\/home\/irritados-com-referendo-empresarios-catalaes-preparam-planos-alternativos\/","title":{"rendered":"Irritados com referendo, empres\u00e1rios catal\u00e3es preparam planos alternativos"},"content":{"rendered":"<p>Os grandes empres\u00e1rios da Catalunha come\u00e7am a perder a paci\u00eancia. Preocupados com a disputa em torno do referendo de 1\u00ba de outubro, empres\u00e1rios de diferentes setores est\u00e3o discretamente freando projetos e at\u00e9 preparando planos B, apesar de considerarem a independ\u00eancia improv\u00e1vel.<\/p>\n<p>A situa\u00e7\u00e3o atual provoca muito inc\u00f4modo e preocupa\u00e7\u00e3o, declarou esta semana em um f\u00f3rum o diretor-geral do Banco Sabadell, quinto maior banco espanhol, com sede em Barcelona, como o CaixaBank, as duas grandes entidades financeiras catal\u00e3es.<\/p>\n<p>Segundo Jaime Guardiola Romajaro h\u00e1 v\u00e1rias empresas que est\u00e3o preparando planos de conting\u00eancia. Uma informa\u00e7\u00e3o confirmada pela principal associa\u00e7\u00e3o patronal catal\u00e3, Foment del Treball.<\/p>\n<p>Todo aquele que v\u00ea que a sua atividade corre algum tipo de risco est\u00e1 se preparando, explica Salvador Guillermo, diretor econ\u00f4mico da patronal catal\u00e3.<\/p>\n<p>No caso muito hipot\u00e9tico de uma independ\u00eancia, o Banco Sabadell n\u00e3o tem como n\u00e3o ficar sob o marco regulat\u00f3rio do Banco Central Europeu e da zona euro, j\u00e1 que isso lhe faria perder suas vias de financiamento, explica uma fonte da entidade.<\/p>\n<p>Al\u00e9m disso, os mecanismos para deslocar a sede administrativa para Madri, por exemplo, s\u00e3o muito f\u00e1ceis e r\u00e1pidos, detalha esta fonte.<\/p>\n<p>Outras empresas como agroalimentares exportadoras tamb\u00e9m estudam alternativas, j\u00e1 que teriam que pagar direitos de alf\u00e2ndega em caso de sa\u00edrem da Uni\u00e3o Europeia (UE), aponta Salvador Guillermo.<\/p>\n<p>Nos \u00faltimos meses, o diretor do Banco Sabadell foi o \u00fanico grande empres\u00e1rio catal\u00e3o que falou em p\u00fablico sobre a quest\u00e3o. A Catalunha, que colabora com quase 20% do PIB espanhol, conta com sete grupos cotados no IBEX 35, principal \u00edndice da bolsa de Madri.<\/p>\n<p>H\u00e1 alguns anos, o presidente da editora Planeta, uma das mais importantes na l\u00edngua espanhola, j\u00e1 disse que estava disposto a abandonar a Catalunha em caso de independ\u00eancia. E o da Freixenet, l\u00edder no ramo de espumantes da Catalunha, qualificou esse caso como desastre.<\/p>\n<p>No in\u00edcio de agosto, a empresa de alimenta\u00e7\u00e3o light NaturHouse deslocou sua sede de Barcelona para Madri.<\/p>\n<p>Se perguntarem a n\u00f3s, empres\u00e1rios catal\u00e3es, se queremos um mercado de 550 milh\u00f5es de europeus, ou de 7,5 milh\u00f5es de catal\u00e3es, a resposta \u00e9 clara, explicou o patr\u00e3o do grupo, F\u00e9lix Revuelta, em entrevista ao jornal El Mundo.<\/p>\n<p>No entanto, o ministro da Economia, Luis de Guindos, assegura que n\u00e3o identificou nenhum tipo de deslocamento (de empresas catal\u00e3es), porque n\u00e3o h\u00e1 nenhum investidor nacional que considere que o cen\u00e1rio de independ\u00eancia v\u00e1 acontecer.<\/p>\n<p>&#8211; Inseguran\u00e7a jur\u00eddica &#8211;<\/p>\n<p>V\u00e1rios grupos retardaram centenas de projetos log\u00edsticos ou de pesquisa e desenvolvimento \u00e0 espera de que o contexto pol\u00edtico se esclare\u00e7a, explica um economista de uma grande escola de com\u00e9rcio catal\u00e3, que prefere o anonimato devido \u00e0 sensibilidade do tema.<\/p>\n<p>Contudo, assegura, a maioria deles acha que nada vai acontecer, mas tampouco est\u00e3o contentes com o que est\u00e1 acontecendo.<\/p>\n<p>Contactados pela AFP, CaixaBank (terceiro maior banco da Espanha), Abertis (gest\u00e3o de estradas) e G\u00e1s Natural se negam a fazer coment\u00e1rios, assim como o fabricante de produtos sangu\u00edneos Grifols.<\/p>\n<p>Na Catalunha, os empres\u00e1rios sempre foram muito discretos. Temos um governo local e muito pr\u00f3ximo. Ent\u00e3o a pessoas n\u00e3o querem que se irritem com eles, analisa o especialista da escola de com\u00e9rcio.<\/p>\n<p>Para serem ouvidas, as empresas preferem se amparar nas associa\u00e7\u00f5es patronais. Este cen\u00e1rio de referendo n\u00e3o se ajusta adequadamente \u00e0 lei, explica Salvador Guillermo, da Foment del Treball, insistindo na necessidade de respeitar o Estado de direito e a democracia.<\/p>\n<p>Queremos di\u00e1logo, negocia\u00e7\u00e3o e acordo. Talvez tenham que ajustar o encaixe da Catalunha na Espanha, com uma autonomia econ\u00f4mica refor\u00e7ada, detalha este diretor, chamado os pol\u00edticos a olhar para al\u00e9m de 1\u00ba de outubro.<\/p>\n<p>Pimec, a patronal catal\u00e3 de pequenas e m\u00e9dias empresas, se posicionou a favor de um referendo acordado sobre a independ\u00eancia, e destaca as frustra\u00e7\u00f5es n\u00e3o resolvidas suscitadas pela falta de di\u00e1logo entre o governo de Madri e o Executivo catal\u00e3o de Carles Puigdemont.<\/p>\n","protected":false},"excerpt":{"rendered":"<p>Os grandes empres\u00e1rios da Catalunha come\u00e7am a perder a paci\u00eancia. Preocupados com a disputa em torno do referendo de 1\u00ba de outubro, empres\u00e1rios de diferentes setores est\u00e3o discretamente freando projetos e at\u00e9 preparando planos B, apesar de considerarem a independ\u00eancia improv\u00e1vel. A situa\u00e7\u00e3o atual provoca muito inc\u00f4modo e preocupa\u00e7\u00e3o, declarou esta semana em um f\u00f3rum &hellip;<\/p>\n","protected":false},"author":2,"featured_media":846,"comment_status":"open","ping_status":"open","sticky":false,"template":"","format":"standard","meta":{"_exactmetrics_skip_tracking":false,"_exactmetrics_sitenote_active":false,"_exactmetrics_sitenote_note":"","_exactmetrics_sitenote_category":0,"footnotes":""},"categories":[4],"tags":[],"_links":{"self":[{"href":"https:\/\/goiasemtempo.com.br\/home\/wp-json\/wp\/v2\/posts\/2917"}],"collection":[{"href":"https:\/\/goiasemtempo.com.br\/home\/wp-json\/wp\/v2\/posts"}],"about":[{"href":"https:\/\/goiasemtempo.com.br\/home\/wp-json\/wp\/v2\/types\/post"}],"author":[{"embeddable":true,"href":"https:\/\/goiasemtempo.com.br\/home\/wp-json\/wp\/v2\/users\/2"}],"replies":[{"embeddable":true,"href":"https:\/\/goiasemtempo.com.br\/home\/wp-json\/wp\/v2\/comments?post=2917"}],"version-history":[{"count":1,"href":"https:\/\/goiasemtempo.com.br\/home\/wp-json\/wp\/v2\/posts\/2917\/revisions"}],"predecessor-version":[{"id":2918,"href":"https:\/\/goiasemtempo.com.br\/home\/wp-json\/wp\/v2\/posts\/2917\/revisions\/2918"}],"wp:featuredmedia":[{"embeddable":true,"href":"https:\/\/goiasemtempo.com.br\/home\/wp-json\/wp\/v2\/media\/846"}],"wp:attachment":[{"href":"https:\/\/goiasemtempo.com.br\/home\/wp-json\/wp\/v2\/media?parent=2917"}],"wp:term":[{"taxonomy":"category","embeddable":true,"href":"https:\/\/goiasemtempo.com.br\/home\/wp-json\/wp\/v2\/categories?post=2917"},{"taxonomy":"post_tag","embeddable":true,"href":"https:\/\/goiasemtempo.com.br\/home\/wp-json\/wp\/v2\/tags?post=2917"}],"curies":[{"name":"wp","href":"https:\/\/api.w.org\/{rel}","templated":true}]}}