{"id":29162,"date":"2018-03-18T07:32:25","date_gmt":"2018-03-18T07:32:25","guid":{"rendered":"https:\/\/goiasemtempo.com.br\/home\/?p=29162"},"modified":"2018-03-18T07:32:25","modified_gmt":"2018-03-18T07:32:25","slug":"metade-das-adolescentes-paulistas-ainda-nao-esta-vacinada-contra-hpv","status":"publish","type":"post","link":"https:\/\/goiasemtempo.com.br\/home\/metade-das-adolescentes-paulistas-ainda-nao-esta-vacinada-contra-hpv\/","title":{"rendered":"Metade das adolescentes paulistas ainda n\u00e3o est\u00e1 vacinada contra HPV"},"content":{"rendered":"<p>Apenas a metade das adolescentes paulistas de 9 a 14 anos est\u00e3o imunizadas contra o HPV (Papiloma V\u00edrus Humano), considerando a aplica\u00e7\u00e3o das duas doses devidas da vacina apropriada. A cobertura vacinal \u00e9 menor entre meninos com idade entre 12 e 13 anos e atinge 36,7% dos que deveriam ter tomado a primeira dose. Os dados, referentes a 2017, preocupam o Minist\u00e9rio da Sa\u00fade que lan\u00e7ou nova campanha publicit\u00e1ria para alertar sobre a import\u00e2ncia da vacina contra HPV e meningite para os jovens.<\/p>\n<p>A campanha convoca 10 milh\u00f5es de adolescentes em todo o pa\u00eds. Devem se vacinar contra o HPV, meninas de 9 a 14 anos e meninos de 11 a 14 anos (no ano passado, a faixa et\u00e1ria era entre 12 e 13 anos). O Minist\u00e9rio da Sa\u00fade tamb\u00e9m ampliou a faixa et\u00e1ria da vacina meningite C em 2018. Agora \u00e9 de 11 a 14 anos de idade. No ano passado, estavam sendo vacinados contra a doen\u00e7a adolescentes de 12 a 13 anos. As vacinas fazem parte do calend\u00e1rio de rotina dispon\u00edvel nas unidades do Sistema \u00danico de Sa\u00fade (SUS).<\/p>\n<p>Os dados nacionais mostram que 4,9 milh\u00f5es de meninas tomaram a segunda dose contra o HPV, totalizando 48,7% na faixa et\u00e1ria entre 9 e 14 anos. Os dados referem-se ao per\u00edodo de 2014 a 2017. Se considerada apenas a primeira dose, o n\u00famero chega a 8 milh\u00f5es, o equivalente a 79,2%. Entre os meninos, 1,6 milh\u00e3o \u2013 ou 43,8% do p\u00fablico-alvo \u2013 tomaram a primeira dose. De acordo com o Minist\u00e9rio da Sa\u00fade, a cobertura vacinal s\u00f3 est\u00e1 completa com as duas doses. A segunda \u00e9 aplicada seis meses depois da primeira. O \u00f3rg\u00e3o adquiriu 14 milh\u00f5es de doses contra o HPV.<\/p>\n<p>Dados<\/p>\n<p>O Minist\u00e9rio da Sa\u00fade destaca que o Brasil foi o primeiro pa\u00eds da Am\u00e9rica do Sul a oferecer a vacina contra o HPV para meninos. A preval\u00eancia estimada do v\u00edrus no pa\u00eds \u00e9 de 54,3%, segundo dados do projeto POP-Brasil, que entrevistou 7.586 pessoas nas capitais. A pesquisa mostra que 37,6% dos participantes apresentaram HPV de alto risco para o desenvolvimento de c\u00e2ncer.<\/p>\n<p>A vacina, portanto, previne contra diferentes tipos de c\u00e2nceres. Segundo o minist\u00e9rio, s\u00e3o 16 mil casos de c\u00e2ncer de colo do \u00fatero por ano e 5 mil mortes de mulheres pela doen\u00e7a. Al\u00e9m disso, mais de 90% dos casos de c\u00e2ncer anal e 63% dos c\u00e2nceres de p\u00eanis s\u00e3o atribu\u00edveis \u00e0 infec\u00e7\u00e3o pelo HPV. Mais informa\u00e7\u00f5es podem ser obtidas no Disque-Sa\u00fade: 136.<\/p>\n<p>O HPV \u00e9 um v\u00edrus que vive na pele e nas mucosas dos seres humanos, tais como vulva, vagina, colo de \u00fatero e p\u00eanis. Quando afeta os \u00f3rg\u00e3os genitais \u00e9 uma infec\u00e7\u00e3o transmitida sexualmente (DST).<\/p>\n<p>Edi\u00e7\u00e3o: Augusto Queiroz<\/p>\n","protected":false},"excerpt":{"rendered":"<p>Apenas a metade das adolescentes paulistas de 9 a 14 anos est\u00e3o imunizadas contra o HPV (Papiloma V\u00edrus Humano), considerando a aplica\u00e7\u00e3o das duas doses devidas da vacina apropriada. A cobertura vacinal \u00e9 menor entre meninos com idade entre 12 e 13 anos e atinge 36,7% dos que deveriam ter tomado a primeira dose. Os &hellip;<\/p>\n","protected":false},"author":2,"featured_media":27316,"comment_status":"open","ping_status":"open","sticky":false,"template":"","format":"standard","meta":{"_exactmetrics_skip_tracking":false,"_exactmetrics_sitenote_active":false,"_exactmetrics_sitenote_note":"","_exactmetrics_sitenote_category":0,"footnotes":""},"categories":[4],"tags":[],"_links":{"self":[{"href":"https:\/\/goiasemtempo.com.br\/home\/wp-json\/wp\/v2\/posts\/29162"}],"collection":[{"href":"https:\/\/goiasemtempo.com.br\/home\/wp-json\/wp\/v2\/posts"}],"about":[{"href":"https:\/\/goiasemtempo.com.br\/home\/wp-json\/wp\/v2\/types\/post"}],"author":[{"embeddable":true,"href":"https:\/\/goiasemtempo.com.br\/home\/wp-json\/wp\/v2\/users\/2"}],"replies":[{"embeddable":true,"href":"https:\/\/goiasemtempo.com.br\/home\/wp-json\/wp\/v2\/comments?post=29162"}],"version-history":[{"count":1,"href":"https:\/\/goiasemtempo.com.br\/home\/wp-json\/wp\/v2\/posts\/29162\/revisions"}],"predecessor-version":[{"id":29163,"href":"https:\/\/goiasemtempo.com.br\/home\/wp-json\/wp\/v2\/posts\/29162\/revisions\/29163"}],"wp:featuredmedia":[{"embeddable":true,"href":"https:\/\/goiasemtempo.com.br\/home\/wp-json\/wp\/v2\/media\/27316"}],"wp:attachment":[{"href":"https:\/\/goiasemtempo.com.br\/home\/wp-json\/wp\/v2\/media?parent=29162"}],"wp:term":[{"taxonomy":"category","embeddable":true,"href":"https:\/\/goiasemtempo.com.br\/home\/wp-json\/wp\/v2\/categories?post=29162"},{"taxonomy":"post_tag","embeddable":true,"href":"https:\/\/goiasemtempo.com.br\/home\/wp-json\/wp\/v2\/tags?post=29162"}],"curies":[{"name":"wp","href":"https:\/\/api.w.org\/{rel}","templated":true}]}}