{"id":29110,"date":"2018-03-18T07:13:38","date_gmt":"2018-03-18T07:13:38","guid":{"rendered":"https:\/\/goiasemtempo.com.br\/home\/?p=29110"},"modified":"2018-03-18T07:13:38","modified_gmt":"2018-03-18T07:13:38","slug":"o-papel-da-familia-na-educacao-infantil","status":"publish","type":"post","link":"https:\/\/goiasemtempo.com.br\/home\/o-papel-da-familia-na-educacao-infantil\/","title":{"rendered":"O papel da fam\u00edlia na educa\u00e7\u00e3o infantil"},"content":{"rendered":"<p>T\u00e3o importante quanto o papel do professor na educa\u00e7\u00e3o das crian\u00e7as \u00e9 o papel dos pais, afinal, s\u00e3o eles que estabelecem os primeiros ciclos de aprendizagem em casa. Por isso, \u00e9 muito importante que exista essa consci\u00eancia por parte dos respons\u00e1veis e que eles saibam qual \u00e9 o dever da escola e o que compete a eles.<\/p>\n<p>A cada dia que passa, percebe-se certa invers\u00e3o de pap\u00e9is, hoje as fam\u00edlias confiam \u00e0 educa\u00e7\u00e3o formal de seus filhos desde muito cedo \u00e0 escola. \u00c9 claro que os pais tem consci\u00eancia do seu papel, mas nem sempre acabam colocando isso em pr\u00e1tica, muitas vezes por quest\u00e3o de tempo e a vida agitada que o ser humano vem levando.<\/p>\n<p>Por\u00e9m, essa lacuna pode acarretar problemas futuros na educa\u00e7\u00e3o daquela crian\u00e7a, e, se n\u00e3o foram tratados com a devida aten\u00e7\u00e3o podem evoluir com o tempo. Crian\u00e7as s\u00e3o crian\u00e7as, elas precisam estabelecer com seus pais, professores e outros adultos, rela\u00e7\u00f5es equilibradas para o seu desenvolvimento. Elas precisam de um espa\u00e7o adequado, no qual as aprendizagens prim\u00e1rias sejam vividas e ensinadas. E cabe aos pais ou respons\u00e1vel estabelecer os primeiros limites, os \u201csins\u201d e \u201cn\u00e3os\u201d que essa crian\u00e7a deve obedecer. Esse limite n\u00e3o \u00e9 papel da escola, e sim da fam\u00edlia.<\/p>\n<p>A escola cabe educar essas crian\u00e7as para que elas tenham maturidade para pensar em alternativas, nos problemas que as gera\u00e7\u00f5es anteriores deixam como heran\u00e7a e nos novos desafios que ser\u00e3o enfrentados e para que isso aconte\u00e7a, \u00e9 preciso que fam\u00edlia e escola caminhem juntas, cumprindo cada uma o seu papel tendo em vista que pais e professores t\u00eam que reconhecer seus pap\u00e9is na educa\u00e7\u00e3o das crian\u00e7as, para que nenhuma inst\u00e2ncia esteja ausente de seus deveres como tem acontecido atualmente.<\/p>\n<p>A sociedade precisa ter consci\u00eancia de que o papel da escola n\u00e3o \u00e9 transmitir conhecimentos da educa\u00e7\u00e3o b\u00e1sica vinda da educa\u00e7\u00e3o recebida em casa, isso \u00e9 responsabilidade dos pais e da fam\u00edlia. A institui\u00e7\u00e3o de ensino deve ensinar a crian\u00e7a detalhes relacionados \u00e0 cidadania e os valores \u00e9ticos, al\u00e9m de ajudar a crian\u00e7a a formar opini\u00e3o e filosofias de vida. Na institui\u00e7\u00e3o se aprende o mundo e suas m\u00faltiplas linguagens. Nesta realiza-se uma caminhada acad\u00eamica, a qual media novos caminhos para uma vida profissional.<\/p>\n<p>Ana Regina Caminha Braga (anaregina_braga@hotmail.com) \u00e9 escritora, psicopedagoga e especialista em educa\u00e7\u00e3o especial e em gest\u00e3o escolar.<\/p>\n","protected":false},"excerpt":{"rendered":"<p>T\u00e3o importante quanto o papel do professor na educa\u00e7\u00e3o das crian\u00e7as \u00e9 o papel dos pais, afinal, s\u00e3o eles que estabelecem os primeiros ciclos de aprendizagem em casa. Por isso, \u00e9 muito importante que exista essa consci\u00eancia por parte dos respons\u00e1veis e que eles saibam qual \u00e9 o dever da escola e o que compete &hellip;<\/p>\n","protected":false},"author":2,"featured_media":27290,"comment_status":"open","ping_status":"open","sticky":false,"template":"","format":"standard","meta":{"footnotes":""},"categories":[4],"tags":[],"class_list":["post-29110","post","type-post","status-publish","format-standard","has-post-thumbnail","hentry","category-ultimas-noticias"],"_links":{"self":[{"href":"https:\/\/goiasemtempo.com.br\/home\/wp-json\/wp\/v2\/posts\/29110","targetHints":{"allow":["GET"]}}],"collection":[{"href":"https:\/\/goiasemtempo.com.br\/home\/wp-json\/wp\/v2\/posts"}],"about":[{"href":"https:\/\/goiasemtempo.com.br\/home\/wp-json\/wp\/v2\/types\/post"}],"author":[{"embeddable":true,"href":"https:\/\/goiasemtempo.com.br\/home\/wp-json\/wp\/v2\/users\/2"}],"replies":[{"embeddable":true,"href":"https:\/\/goiasemtempo.com.br\/home\/wp-json\/wp\/v2\/comments?post=29110"}],"version-history":[{"count":1,"href":"https:\/\/goiasemtempo.com.br\/home\/wp-json\/wp\/v2\/posts\/29110\/revisions"}],"predecessor-version":[{"id":29111,"href":"https:\/\/goiasemtempo.com.br\/home\/wp-json\/wp\/v2\/posts\/29110\/revisions\/29111"}],"wp:featuredmedia":[{"embeddable":true,"href":"https:\/\/goiasemtempo.com.br\/home\/wp-json\/wp\/v2\/media\/27290"}],"wp:attachment":[{"href":"https:\/\/goiasemtempo.com.br\/home\/wp-json\/wp\/v2\/media?parent=29110"}],"wp:term":[{"taxonomy":"category","embeddable":true,"href":"https:\/\/goiasemtempo.com.br\/home\/wp-json\/wp\/v2\/categories?post=29110"},{"taxonomy":"post_tag","embeddable":true,"href":"https:\/\/goiasemtempo.com.br\/home\/wp-json\/wp\/v2\/tags?post=29110"}],"curies":[{"name":"wp","href":"https:\/\/api.w.org\/{rel}","templated":true}]}}