{"id":29096,"date":"2018-03-18T07:08:36","date_gmt":"2018-03-18T07:08:36","guid":{"rendered":"https:\/\/goiasemtempo.com.br\/home\/?p=29096"},"modified":"2018-03-18T07:08:36","modified_gmt":"2018-03-18T07:08:36","slug":"conselheiros-sao-homenageados-com-ordem-do-merito-de-contas-ruy-barbosa","status":"publish","type":"post","link":"https:\/\/goiasemtempo.com.br\/home\/conselheiros-sao-homenageados-com-ordem-do-merito-de-contas-ruy-barbosa\/","title":{"rendered":"Conselheiros s\u00e3o homenageados com Ordem do M\u00e9rito de Contas Ruy Barbosa"},"content":{"rendered":"<p>O Tribunal de Contas do Distrito Federal (TCDF) homenageou quatro conselheiros da casa com a medalha de Ordem do M\u00e9rito de Contas Ruy Barbosa. O governador Rodrigo Rollemberg prestigiou a solenidade de entrega nesta segunda-feira (12), no plen\u00e1rio da Corte.<\/p>\n<p>Foram agraciados os conselheiros:<\/p>\n<p>In\u00e1cio Magalh\u00e3es Filho<br \/>\nPaulo Tadeu Vale da Silva<br \/>\nJos\u00e9 Roberto de Paiva Martins<br \/>\nM\u00e1rcio Michel Alves de Oliveira<\/p>\n<p>O presidente do Tribunal de Justi\u00e7a do Distrito Federal e dos Territ\u00f3rios, M\u00e1rio Machado Netto, e o procurador-geral de Justi\u00e7a do DF e Territ\u00f3rios, Leonardo Bessa, tamb\u00e9m receberam a condecora\u00e7\u00e3o.<\/p>\n<p>Regularizada pela Resolu\u00e7\u00e3o 167, de 13 de julho de 2004, a Ordem do M\u00e9rito de Contas Ruy Barbosa \u00e9 concedida a civis ou militares que sejam exemplos para a defesa do tesouro p\u00fablico.<\/p>\n<p>A presidente do Tribunal de Contas do DF e gr\u00e3-mestra, Anilc\u00e9ia Machado, parabenizou os agraciados com a condecora\u00e7\u00e3o.<\/p>\n<p>\u201cA comenda \u00e9 outorgada a pessoas especiais que prestaram ou ainda prestam not\u00e1veis servi\u00e7o ao Pa\u00eds, particularmente ao Distrito Federal, e que tenham se distinguido no exerc\u00edcio de suas fun\u00e7\u00f5es\u201d, ressaltou Anilc\u00e9ia.<\/p>\n","protected":false},"excerpt":{"rendered":"<p>O Tribunal de Contas do Distrito Federal (TCDF) homenageou quatro conselheiros da casa com a medalha de Ordem do M\u00e9rito de Contas Ruy Barbosa. O governador Rodrigo Rollemberg prestigiou a solenidade de entrega nesta segunda-feira (12), no plen\u00e1rio da Corte. Foram agraciados os conselheiros: In\u00e1cio Magalh\u00e3es Filho Paulo Tadeu Vale da Silva Jos\u00e9 Roberto de &hellip;<\/p>\n","protected":false},"author":2,"featured_media":27283,"comment_status":"open","ping_status":"open","sticky":false,"template":"","format":"standard","meta":{"_exactmetrics_skip_tracking":false,"_exactmetrics_sitenote_active":false,"_exactmetrics_sitenote_note":"","_exactmetrics_sitenote_category":0,"footnotes":""},"categories":[4],"tags":[],"_links":{"self":[{"href":"https:\/\/goiasemtempo.com.br\/home\/wp-json\/wp\/v2\/posts\/29096"}],"collection":[{"href":"https:\/\/goiasemtempo.com.br\/home\/wp-json\/wp\/v2\/posts"}],"about":[{"href":"https:\/\/goiasemtempo.com.br\/home\/wp-json\/wp\/v2\/types\/post"}],"author":[{"embeddable":true,"href":"https:\/\/goiasemtempo.com.br\/home\/wp-json\/wp\/v2\/users\/2"}],"replies":[{"embeddable":true,"href":"https:\/\/goiasemtempo.com.br\/home\/wp-json\/wp\/v2\/comments?post=29096"}],"version-history":[{"count":1,"href":"https:\/\/goiasemtempo.com.br\/home\/wp-json\/wp\/v2\/posts\/29096\/revisions"}],"predecessor-version":[{"id":29097,"href":"https:\/\/goiasemtempo.com.br\/home\/wp-json\/wp\/v2\/posts\/29096\/revisions\/29097"}],"wp:featuredmedia":[{"embeddable":true,"href":"https:\/\/goiasemtempo.com.br\/home\/wp-json\/wp\/v2\/media\/27283"}],"wp:attachment":[{"href":"https:\/\/goiasemtempo.com.br\/home\/wp-json\/wp\/v2\/media?parent=29096"}],"wp:term":[{"taxonomy":"category","embeddable":true,"href":"https:\/\/goiasemtempo.com.br\/home\/wp-json\/wp\/v2\/categories?post=29096"},{"taxonomy":"post_tag","embeddable":true,"href":"https:\/\/goiasemtempo.com.br\/home\/wp-json\/wp\/v2\/tags?post=29096"}],"curies":[{"name":"wp","href":"https:\/\/api.w.org\/{rel}","templated":true}]}}