{"id":29094,"date":"2018-03-18T07:07:53","date_gmt":"2018-03-18T07:07:53","guid":{"rendered":"https:\/\/goiasemtempo.com.br\/home\/?p=29094"},"modified":"2018-03-18T07:07:53","modified_gmt":"2018-03-18T07:07:53","slug":"justica-determina-que-80-dos-servidores-do-detran-sigam-no-trabalho","status":"publish","type":"post","link":"https:\/\/goiasemtempo.com.br\/home\/justica-determina-que-80-dos-servidores-do-detran-sigam-no-trabalho\/","title":{"rendered":"Justi\u00e7a determina que 80% dos servidores do Detran sigam no trabalho"},"content":{"rendered":"<p>O desembargador Arnoldo Camanho de Assis, da 2\u00aa C\u00e2mara C\u00edvel do Tribunal de Justi\u00e7a do Distrito Federal e dos Territ\u00f3rios (TJDFT), determinou que 80% dos servidores do Departamento de Tr\u00e2nsito do Distrito Federal (Detran-DF) n\u00e3o abandonem os postos de trabalho.<\/p>\n<p>A decis\u00e3o, proferida na noite desta segunda-feira (12), defere a\u00e7\u00e3o ajuizada pela Procuradoria-Geral do Distrito Federal contra a greve anunciada pelo sindicato dos servidores do Detran (Sindetran) por tempo indeterminado a partir desta ter\u00e7a-feira (13).<\/p>\n<p>A a\u00e7\u00e3o foi analisada em car\u00e1ter de urg\u00eancia at\u00e9 que a Corte decida sobre a ilegalidade ou abusividade da greve.<\/p>\n<p>Al\u00e9m disso, a Justi\u00e7a determinou que o sindicato n\u00e3o pratique atos de impedimento de acesso dos servidores dispostos a trabalhar ou dos usu\u00e1rios do servi\u00e7o p\u00fablico prestado, sob pena de multa di\u00e1ria de R$ 300 mil.<\/p>\n<p>A aplica\u00e7\u00e3o de multa di\u00e1ria por descumprimento da decis\u00e3o foi um dos pedidos da procuradoria. Entre os argumentos apresentados estava o de que os servi\u00e7os de tr\u00e2nsito s\u00e3o considerados como de seguran\u00e7a p\u00fablica, conforme defini\u00e7\u00e3o da pr\u00f3pria Lei Org\u00e2nica do DF.<\/p>\n<p>Neste caso, de acordo com jurisprud\u00eancia do Supremo Tribunal Federal (STF), \u201co exerc\u00edcio do direito de greve, sob qualquer forma ou modalidade, \u00e9 vedado aos policiais civis e a todos os servidores p\u00fablicos que atuem diretamente na \u00e1rea de seguran\u00e7a p\u00fablica\u201d.<\/p>\n","protected":false},"excerpt":{"rendered":"<p>O desembargador Arnoldo Camanho de Assis, da 2\u00aa C\u00e2mara C\u00edvel do Tribunal de Justi\u00e7a do Distrito Federal e dos Territ\u00f3rios (TJDFT), determinou que 80% dos servidores do Departamento de Tr\u00e2nsito do Distrito Federal (Detran-DF) n\u00e3o abandonem os postos de trabalho. A decis\u00e3o, proferida na noite desta segunda-feira (12), defere a\u00e7\u00e3o ajuizada pela Procuradoria-Geral do Distrito &hellip;<\/p>\n","protected":false},"author":2,"featured_media":27282,"comment_status":"open","ping_status":"open","sticky":false,"template":"","format":"standard","meta":{"footnotes":""},"categories":[4],"tags":[],"class_list":["post-29094","post","type-post","status-publish","format-standard","has-post-thumbnail","hentry","category-ultimas-noticias"],"_links":{"self":[{"href":"https:\/\/goiasemtempo.com.br\/home\/wp-json\/wp\/v2\/posts\/29094","targetHints":{"allow":["GET"]}}],"collection":[{"href":"https:\/\/goiasemtempo.com.br\/home\/wp-json\/wp\/v2\/posts"}],"about":[{"href":"https:\/\/goiasemtempo.com.br\/home\/wp-json\/wp\/v2\/types\/post"}],"author":[{"embeddable":true,"href":"https:\/\/goiasemtempo.com.br\/home\/wp-json\/wp\/v2\/users\/2"}],"replies":[{"embeddable":true,"href":"https:\/\/goiasemtempo.com.br\/home\/wp-json\/wp\/v2\/comments?post=29094"}],"version-history":[{"count":1,"href":"https:\/\/goiasemtempo.com.br\/home\/wp-json\/wp\/v2\/posts\/29094\/revisions"}],"predecessor-version":[{"id":29095,"href":"https:\/\/goiasemtempo.com.br\/home\/wp-json\/wp\/v2\/posts\/29094\/revisions\/29095"}],"wp:featuredmedia":[{"embeddable":true,"href":"https:\/\/goiasemtempo.com.br\/home\/wp-json\/wp\/v2\/media\/27282"}],"wp:attachment":[{"href":"https:\/\/goiasemtempo.com.br\/home\/wp-json\/wp\/v2\/media?parent=29094"}],"wp:term":[{"taxonomy":"category","embeddable":true,"href":"https:\/\/goiasemtempo.com.br\/home\/wp-json\/wp\/v2\/categories?post=29094"},{"taxonomy":"post_tag","embeddable":true,"href":"https:\/\/goiasemtempo.com.br\/home\/wp-json\/wp\/v2\/tags?post=29094"}],"curies":[{"name":"wp","href":"https:\/\/api.w.org\/{rel}","templated":true}]}}