{"id":29080,"date":"2018-03-18T07:02:48","date_gmt":"2018-03-18T07:02:48","guid":{"rendered":"https:\/\/goiasemtempo.com.br\/home\/?p=29080"},"modified":"2018-03-18T07:02:48","modified_gmt":"2018-03-18T07:02:48","slug":"itego-goitauba-abre-inscricoes-para-curso-de-informatica-basica","status":"publish","type":"post","link":"https:\/\/goiasemtempo.com.br\/home\/itego-goitauba-abre-inscricoes-para-curso-de-informatica-basica\/","title":{"rendered":"Itego Goitauba abre inscri\u00e7\u00f5es para curso de Inform\u00e1tica B\u00e1sica"},"content":{"rendered":"<p>O Instituto Tecnol\u00f3gico do Estado de Goi\u00e1s Jer\u00f4nimo Carlos do Prado (Itego JCP), do munic\u00edpio de Goiatuba, unidade gerida pela organiza\u00e7\u00e3o social Cegecon, est\u00e1 com inscri\u00e7\u00f5es abertas para o curso de Inform\u00e1tica B\u00e1sica.<\/p>\n<p>As aulas ser\u00e3o ministradas nos turnos matutino e vespertino e \u00e9 voltado para alunos de 12 a 15 anos. \u201cO objetivo \u00e9 prepara-los para os cursos t\u00e9cnicos e de qualifica\u00e7\u00e3o oferecidos pelo Itego\u201d, diz Divino Alves, diretor da unidade.<\/p>\n<p>O conte\u00fado contempla conhecimentos b\u00e1sicos do Pacote Office \u2013 Word, Excel, Power Point e Outlook. O curso \u00e9 gratuito. Tamb\u00e9m n\u00e3o \u00e9 cobrada taxa de inscri\u00e7\u00e3o. Ao final, ser\u00e1 emitido certificado com carga-hor\u00e1ria de 70 horas.<\/p>\n<p>Mais informa\u00e7\u00f5es na secretaria do Itego JCP (Rua Piau\u00ed, 460, Centro, Goiatuba-GO) ou pelo telefone (64) 3495-6284.<\/p>\n<p>Sobre o Cegecon<\/p>\n<p>O Cegecon, Centro de Gest\u00e3o em Educa\u00e7\u00e3o Continuada, atua h\u00e1 12 anos no fomento \u00e0 cultura e \u00e0 educa\u00e7\u00e3o em Goi\u00e1s. Fundada em 27 de mar\u00e7o de 2005, \u00e9 uma organiza\u00e7\u00e3o social, sem fins lucrativos, qualificada por decreto do governo do Estado de Goi\u00e1s para as atividades de educa\u00e7\u00e3o profissional e tecnol\u00f3gica e desenvolvimento tecnol\u00f3gico.<\/p>\n","protected":false},"excerpt":{"rendered":"<p>O Instituto Tecnol\u00f3gico do Estado de Goi\u00e1s Jer\u00f4nimo Carlos do Prado (Itego JCP), do munic\u00edpio de Goiatuba, unidade gerida pela organiza\u00e7\u00e3o social Cegecon, est\u00e1 com inscri\u00e7\u00f5es abertas para o curso de Inform\u00e1tica B\u00e1sica. As aulas ser\u00e3o ministradas nos turnos matutino e vespertino e \u00e9 voltado para alunos de 12 a 15 anos. \u201cO objetivo \u00e9 &hellip;<\/p>\n","protected":false},"author":2,"featured_media":27275,"comment_status":"open","ping_status":"open","sticky":false,"template":"","format":"standard","meta":{"footnotes":""},"categories":[4],"tags":[],"class_list":["post-29080","post","type-post","status-publish","format-standard","has-post-thumbnail","hentry","category-ultimas-noticias"],"_links":{"self":[{"href":"https:\/\/goiasemtempo.com.br\/home\/wp-json\/wp\/v2\/posts\/29080","targetHints":{"allow":["GET"]}}],"collection":[{"href":"https:\/\/goiasemtempo.com.br\/home\/wp-json\/wp\/v2\/posts"}],"about":[{"href":"https:\/\/goiasemtempo.com.br\/home\/wp-json\/wp\/v2\/types\/post"}],"author":[{"embeddable":true,"href":"https:\/\/goiasemtempo.com.br\/home\/wp-json\/wp\/v2\/users\/2"}],"replies":[{"embeddable":true,"href":"https:\/\/goiasemtempo.com.br\/home\/wp-json\/wp\/v2\/comments?post=29080"}],"version-history":[{"count":1,"href":"https:\/\/goiasemtempo.com.br\/home\/wp-json\/wp\/v2\/posts\/29080\/revisions"}],"predecessor-version":[{"id":29081,"href":"https:\/\/goiasemtempo.com.br\/home\/wp-json\/wp\/v2\/posts\/29080\/revisions\/29081"}],"wp:featuredmedia":[{"embeddable":true,"href":"https:\/\/goiasemtempo.com.br\/home\/wp-json\/wp\/v2\/media\/27275"}],"wp:attachment":[{"href":"https:\/\/goiasemtempo.com.br\/home\/wp-json\/wp\/v2\/media?parent=29080"}],"wp:term":[{"taxonomy":"category","embeddable":true,"href":"https:\/\/goiasemtempo.com.br\/home\/wp-json\/wp\/v2\/categories?post=29080"},{"taxonomy":"post_tag","embeddable":true,"href":"https:\/\/goiasemtempo.com.br\/home\/wp-json\/wp\/v2\/tags?post=29080"}],"curies":[{"name":"wp","href":"https:\/\/api.w.org\/{rel}","templated":true}]}}