{"id":29062,"date":"2018-03-18T06:56:18","date_gmt":"2018-03-18T06:56:18","guid":{"rendered":"https:\/\/goiasemtempo.com.br\/home\/?p=29062"},"modified":"2018-03-18T06:56:18","modified_gmt":"2018-03-18T06:56:18","slug":"mais-de-80-prefeitos-mato-grossenses-assinam-termo-de-adesao-com-o-governo-federal","status":"publish","type":"post","link":"https:\/\/goiasemtempo.com.br\/home\/mais-de-80-prefeitos-mato-grossenses-assinam-termo-de-adesao-com-o-governo-federal\/","title":{"rendered":"Mais de 80 prefeitos mato-grossenses assinam termo de ades\u00e3o com o governo federal"},"content":{"rendered":"<p>Mais de 80 prefeitos mato-grossenses assinaram, nesta segunda-feira (12.03), em Bras\u00edlia, o termo de ades\u00e3o ao programa \u2018Internet para Todos\u2019 do governo federal. Ao todo, 2.471 prefeitos de todo o pa\u00eds assinaram o termo com o presidente do Brasil, Michel Temer, e o ministro da Ci\u00eancia, Tecnologia, Inova\u00e7\u00f5es e Comunica\u00e7\u00f5es, Gilberto Kassab. Durante o evento, o vice-governador, Carlos F\u00e1varo, garantiu que intensificar\u00e1 os trabalhos para que ainda neste m\u00eas os 141 munic\u00edpios fa\u00e7am a ades\u00e3o ao programa. <\/p>\n<p>F\u00e1varo informou que 105 munic\u00edpios do estado est\u00e3o aptos a assinar o termo de ades\u00e3o com o Minist\u00e9rio da Ci\u00eancia, Tecnologia, Inova\u00e7\u00f5es e Comunica\u00e7\u00f5es (MCTIC). \u201cQueremos garantir o cadastramento de todos, por isso vamos intensificar os contatos com os prefeitos dos 36 munic\u00edpios restantes para assegurar esse benef\u00edcio \u00e0 popula\u00e7\u00e3o que hoje n\u00e3o tem acesso \u00e0 internet ou utiliza um servi\u00e7o prec\u00e1rio. Estamos certos de que essa conectividade trar\u00e1 grandes oportunidades para o desenvolvimento do nosso estado\u201d, garantiu ele.<\/p>\n<p>Em sua fala, o presidente Michel Temer enfatizou que com a implanta\u00e7\u00e3o do programa, o Brasil se compara aos pa\u00edses de primeiro mundo. Essa \u00e9 uma a\u00e7\u00e3o extraordin\u00e1ria, um ato de modernidade que trar\u00e1 in\u00fameros benef\u00edcios para o nosso pa\u00eds. Com munic\u00edpios fortes a Uni\u00e3o tamb\u00e9m se fortalece, disse ele.<\/p>\n<p>O ministro Kassab informou que nesta semana o MCTIC enviar\u00e1 o primeiro lote de ades\u00e3o dos munic\u00edpios para a empresa que vai operar o sat\u00e9lite para dar in\u00edcio a instala\u00e7\u00e3o das antenas. \u201cTodo esse processo de mobiliza\u00e7\u00e3o permitiu a realiza\u00e7\u00e3o desse projeto, por isso, agradecemos o empenho dos gestores p\u00fablicos que foram fundamentais nessa grande conquista\u201d.<\/p>\n<p>Para o prefeito de Quer\u00eancia, Fernando Gorgen, o programa possibilitar\u00e1 uma nova realidade para os moradores. \u201cO nosso munic\u00edpio \u00e9 o terceiro maior exportador de soja do estado e, hoje em dia, para a realiza\u00e7\u00e3o de neg\u00f3cios, a internet \u00e9 fundamental. Recebemos o programa com muita felicidade e aguardamos ansiosos a instala\u00e7\u00e3o da antena em nossa cidade\u201d, disse.<\/p>\n<p>J\u00e1 o prefeito de Araputanga, Joel Marins, destacou que a internet \u00e9 o que sintoniza a vida de todos os brasileiros. \u201cHoje sem internet ficamos parados. Essa tecnologia garante melhoria da qualidade de vida da nossa popula\u00e7\u00e3o. Parabenizo o governo federal e o vice-governador, que n\u00e3o mediu esfor\u00e7os para garantir a implanta\u00e7\u00e3o desse programa nos munic\u00edpios\u201d.<\/p>\n<p>Nesta primeira etapa do programa Internet para Todos, os munic\u00edpios beneficiados come\u00e7ar\u00e3o a receber as antenas a partir do m\u00eas de maio e a expectativa \u00e9 que sejam instaladas 200 antenas diariamente. A opera\u00e7\u00e3o ser\u00e1 feita pela empresa Viasat, dos Estados Unidos, que foi contratada pela Telebras. O programa possibilitar\u00e1 aos usu\u00e1rios conex\u00e3o em banda larga a pre\u00e7os reduzidos. <\/p>\n<p>Al\u00e9m dos prefeitos, tamb\u00e9m participaram do evento o presidente do Senado Federal, Eun\u00edcio Oliveira, o secret\u00e1rio de Estado de Ci\u00eancia,Tecnologia e Inova\u00e7\u00f5es, Domingos S\u00e1vio, ministros, deputados federais e estaduais, entre outras autoridades.<\/p>\n<p>Programa <\/p>\n<p>Al\u00e9m dos conv\u00eanios com as prefeituras, o MCTIC j\u00e1 firmou parcerias com o Minist\u00e9rio da Defesa, para garantir o monitoramento de 100% das fronteiras brasileiras, ampliando as a\u00e7\u00f5es de combate ao tr\u00e1fico de armas e drogas; com o Minist\u00e9rio da Educa\u00e7\u00e3o, para levar banda larga para todas as escolas p\u00fablicas do pa\u00eds, sendo que sete mil ser\u00e3o beneficiadas j\u00e1 em 2018; e com o Minist\u00e9rio da Sa\u00fade, para implantar internet em hospitais e postos de sa\u00fade, melhorando a gest\u00e3o p\u00fablica e a qualidade dos servi\u00e7os prestados \u00e0 popula\u00e7\u00e3o.<\/p>\n<p>A conex\u00e3o de internet ser\u00e1 feita por meio do Sat\u00e9lite Geoestacion\u00e1rio de Defesa e Comunica\u00e7\u00f5es Estrat\u00e9gicas (SGDC), de propriedade do governo brasileiro e que recebeu cerca de R$ 3 bilh\u00f5es em investimentos. Em \u00f3rbita desde maio de 2017, o sat\u00e9lite tem vida \u00fatil de 18 anos.<\/p>\n<p>Para participar do programa, o prefeito deve informar as localidades que n\u00e3o possuem conex\u00e3o em banda larga e definir um local para a instala\u00e7\u00e3o das antenas e dos equipamentos. Al\u00e9m disso, caber\u00e1 ao munic\u00edpio a seguran\u00e7a da \u00e1rea e as despesas com energia el\u00e9trica.<\/p>\n<p>De acordo com o MCTIC, o Internet para Todos \u00e9 um dos maiores programas de inclus\u00e3o social do governo federal e dever\u00e1 beneficiar cerca de 55 milh\u00f5es de pessoas. Cerca de 40 mil localidades devem ser beneficiadas pelo programa em todo o pa\u00eds.<\/p>\n","protected":false},"excerpt":{"rendered":"<p>Mais de 80 prefeitos mato-grossenses assinaram, nesta segunda-feira (12.03), em Bras\u00edlia, o termo de ades\u00e3o ao programa \u2018Internet para Todos\u2019 do governo federal. Ao todo, 2.471 prefeitos de todo o pa\u00eds assinaram o termo com o presidente do Brasil, Michel Temer, e o ministro da Ci\u00eancia, Tecnologia, Inova\u00e7\u00f5es e Comunica\u00e7\u00f5es, Gilberto Kassab. Durante o evento, &hellip;<\/p>\n","protected":false},"author":2,"featured_media":27266,"comment_status":"open","ping_status":"open","sticky":false,"template":"","format":"standard","meta":{"_exactmetrics_skip_tracking":false,"_exactmetrics_sitenote_active":false,"_exactmetrics_sitenote_note":"","_exactmetrics_sitenote_category":0,"footnotes":""},"categories":[4],"tags":[],"_links":{"self":[{"href":"https:\/\/goiasemtempo.com.br\/home\/wp-json\/wp\/v2\/posts\/29062"}],"collection":[{"href":"https:\/\/goiasemtempo.com.br\/home\/wp-json\/wp\/v2\/posts"}],"about":[{"href":"https:\/\/goiasemtempo.com.br\/home\/wp-json\/wp\/v2\/types\/post"}],"author":[{"embeddable":true,"href":"https:\/\/goiasemtempo.com.br\/home\/wp-json\/wp\/v2\/users\/2"}],"replies":[{"embeddable":true,"href":"https:\/\/goiasemtempo.com.br\/home\/wp-json\/wp\/v2\/comments?post=29062"}],"version-history":[{"count":1,"href":"https:\/\/goiasemtempo.com.br\/home\/wp-json\/wp\/v2\/posts\/29062\/revisions"}],"predecessor-version":[{"id":29063,"href":"https:\/\/goiasemtempo.com.br\/home\/wp-json\/wp\/v2\/posts\/29062\/revisions\/29063"}],"wp:featuredmedia":[{"embeddable":true,"href":"https:\/\/goiasemtempo.com.br\/home\/wp-json\/wp\/v2\/media\/27266"}],"wp:attachment":[{"href":"https:\/\/goiasemtempo.com.br\/home\/wp-json\/wp\/v2\/media?parent=29062"}],"wp:term":[{"taxonomy":"category","embeddable":true,"href":"https:\/\/goiasemtempo.com.br\/home\/wp-json\/wp\/v2\/categories?post=29062"},{"taxonomy":"post_tag","embeddable":true,"href":"https:\/\/goiasemtempo.com.br\/home\/wp-json\/wp\/v2\/tags?post=29062"}],"curies":[{"name":"wp","href":"https:\/\/api.w.org\/{rel}","templated":true}]}}