{"id":28918,"date":"2018-03-18T06:04:20","date_gmt":"2018-03-18T06:04:20","guid":{"rendered":"https:\/\/goiasemtempo.com.br\/home\/?p=28918"},"modified":"2018-03-18T06:04:20","modified_gmt":"2018-03-18T06:04:20","slug":"secretarios-vao-analisar-documento-que-orientara-curriculos-do-ensino-medio","status":"publish","type":"post","link":"https:\/\/goiasemtempo.com.br\/home\/secretarios-vao-analisar-documento-que-orientara-curriculos-do-ensino-medio\/","title":{"rendered":"Secret\u00e1rios v\u00e3o analisar documento que orientar\u00e1 curr\u00edculos do ensino m\u00e9dio"},"content":{"rendered":"<p>Secret\u00e1rios de educa\u00e7\u00e3o de todo o pa\u00eds estar\u00e3o hoje (12) e amanh\u00e3 em Fortaleza para a primeira reuni\u00e3o de 2018 do Conselho Nacional de Secret\u00e1rios de Educa\u00e7\u00e3o (Consed). Durante o evento, os secret\u00e1rios v\u00e3o validar o texto da Base Nacional Comum Curricular (BNCC) do Ensino M\u00e9dio que est\u00e1 sendo elaborado pelo Minist\u00e9rio da Educa\u00e7\u00e3o (MEC).<\/p>\n<p>A vers\u00e3o preliminar da BNCC j\u00e1 foi apresentada aos secret\u00e1rios estaduais em reuni\u00e3o realizada no m\u00eas passado. Ap\u00f3s sugest\u00f5es dos secret\u00e1rios e dos t\u00e9cnicos respons\u00e1veis pela coordena\u00e7\u00e3o da implementa\u00e7\u00e3o nos estados, foram feitas adapta\u00e7\u00f5es que ser\u00e3o validadas agora no f\u00f3rum do conselho.<\/p>\n<p>A BNCC do Ensino M\u00e9dio deve ser enviada at\u00e9 o fim do m\u00eas pelo MEC ao Conselho Nacional de Educa\u00e7\u00e3o (CNE), que tem de analisar e aprovar o documento antes de come\u00e7ar a valer. A base para a educa\u00e7\u00e3o infantil e o ensino fundamental foi aprovada e homologada no final do ano passado. O documento vai orientar os curr\u00edculos da educa\u00e7\u00e3o b\u00e1sica e estabelecer\u00e1 conhecimentos, compet\u00eancias e habilidades que se espera que todos os estudantes desenvolvam.<\/p>\n<p>No encontro dos secret\u00e1rios, em Fortaleza, tamb\u00e9m ser\u00e3o analisados os dados do Censo Escolar de 2017. O Minist\u00e9rio da Educa\u00e7\u00e3o vai fazer uma apresenta\u00e7\u00e3o dos programas de forma\u00e7\u00e3o de professores anunciados recentemente pelo governo.<\/p>\n<p>Edi\u00e7\u00e3o: Gra\u00e7a Adjuto<\/p>\n","protected":false},"excerpt":{"rendered":"<p>Secret\u00e1rios de educa\u00e7\u00e3o de todo o pa\u00eds estar\u00e3o hoje (12) e amanh\u00e3 em Fortaleza para a primeira reuni\u00e3o de 2018 do Conselho Nacional de Secret\u00e1rios de Educa\u00e7\u00e3o (Consed). Durante o evento, os secret\u00e1rios v\u00e3o validar o texto da Base Nacional Comum Curricular (BNCC) do Ensino M\u00e9dio que est\u00e1 sendo elaborado pelo Minist\u00e9rio da Educa\u00e7\u00e3o (MEC). &hellip;<\/p>\n","protected":false},"author":2,"featured_media":27194,"comment_status":"open","ping_status":"open","sticky":false,"template":"","format":"standard","meta":{"_exactmetrics_skip_tracking":false,"_exactmetrics_sitenote_active":false,"_exactmetrics_sitenote_note":"","_exactmetrics_sitenote_category":0,"footnotes":""},"categories":[4],"tags":[],"_links":{"self":[{"href":"https:\/\/goiasemtempo.com.br\/home\/wp-json\/wp\/v2\/posts\/28918"}],"collection":[{"href":"https:\/\/goiasemtempo.com.br\/home\/wp-json\/wp\/v2\/posts"}],"about":[{"href":"https:\/\/goiasemtempo.com.br\/home\/wp-json\/wp\/v2\/types\/post"}],"author":[{"embeddable":true,"href":"https:\/\/goiasemtempo.com.br\/home\/wp-json\/wp\/v2\/users\/2"}],"replies":[{"embeddable":true,"href":"https:\/\/goiasemtempo.com.br\/home\/wp-json\/wp\/v2\/comments?post=28918"}],"version-history":[{"count":1,"href":"https:\/\/goiasemtempo.com.br\/home\/wp-json\/wp\/v2\/posts\/28918\/revisions"}],"predecessor-version":[{"id":28919,"href":"https:\/\/goiasemtempo.com.br\/home\/wp-json\/wp\/v2\/posts\/28918\/revisions\/28919"}],"wp:featuredmedia":[{"embeddable":true,"href":"https:\/\/goiasemtempo.com.br\/home\/wp-json\/wp\/v2\/media\/27194"}],"wp:attachment":[{"href":"https:\/\/goiasemtempo.com.br\/home\/wp-json\/wp\/v2\/media?parent=28918"}],"wp:term":[{"taxonomy":"category","embeddable":true,"href":"https:\/\/goiasemtempo.com.br\/home\/wp-json\/wp\/v2\/categories?post=28918"},{"taxonomy":"post_tag","embeddable":true,"href":"https:\/\/goiasemtempo.com.br\/home\/wp-json\/wp\/v2\/tags?post=28918"}],"curies":[{"name":"wp","href":"https:\/\/api.w.org\/{rel}","templated":true}]}}