{"id":28916,"date":"2018-03-18T06:03:36","date_gmt":"2018-03-18T06:03:36","guid":{"rendered":"https:\/\/goiasemtempo.com.br\/home\/?p=28916"},"modified":"2018-03-18T06:03:36","modified_gmt":"2018-03-18T06:03:36","slug":"mec-vai-propor-referencia-para-construcao-dos-curriculos-de-licenciatura","status":"publish","type":"post","link":"https:\/\/goiasemtempo.com.br\/home\/mec-vai-propor-referencia-para-construcao-dos-curriculos-de-licenciatura\/","title":{"rendered":"MEC vai propor refer\u00eancia para constru\u00e7\u00e3o dos curr\u00edculos de licenciatura"},"content":{"rendered":"<p>O Minist\u00e9rio da Educa\u00e7\u00e3o deve apresentar ao Conselho Nacional de Educa\u00e7\u00e3o (CNE) at\u00e9 o fim do ano uma proposta para que haja uma refer\u00eancia para a constru\u00e7\u00e3o dos curr\u00edculos de licenciatura no pa\u00eds. O CNE est\u00e1 discutindo mudan\u00e7as nos cursos de licenciatura, e a ideia \u00e9 que haja um maior equil\u00edbrio entre eles, disse Rossieli Soares da Silva, secret\u00e1rio de Educa\u00e7\u00e3o B\u00e1sica do MEC.<\/p>\n<p>\u201cPor exemplo, a pedagogia tem muitas disparidades. Se voc\u00ea pegar o curr\u00edculo de uma universidade do Cear\u00e1, de Bras\u00edlia, de Manaus, de S\u00e3o Paulo, voc\u00ea vai ver diferen\u00e7as muito grandes. Tem algumas coisas que s\u00e3o b\u00e1sicas, que o professor precisa sair de l\u00e1 sabendo. A Base Nacional Comum Curricular ajuda com uma parte, mas tem algumas coisas de pratica pedag\u00f3gica que umas tem muito, outras tem pouco, \u00e9 preciso buscar um equil\u00edbrio\u201d, disse Rossieli durante reuni\u00e3o do Conselho Nacional de Secret\u00e1rios de Educa\u00e7\u00e3o (Consed), em Fortaleza.<\/p>\n<p>Rossieli disse tamb\u00e9m que o MEC est\u00e1 dando prioridade para alunos de cursos de licenciatura e pedagogia em programas de financiamento como o Universidade para Todos (ProUni) e o Fundo de Financiamento Estudantil (Fies). \u201cSe tiver limite de vaga, se prioriza os pedidos de bolsa para esses cursos. A gente analisa a cada ano, depende da procura\u201d, explicou.<\/p>\n<p>Regime de colabora\u00e7\u00e3o<\/p>\n<p>O secret\u00e1rio aproveitou para pedir que estados e munic\u00edpios trabalhem juntos na implanta\u00e7\u00e3o da Base Nacional Comum Curricular (BNCC) para a educa\u00e7\u00e3o infantil e ensino fundamental. \u201cA nossa ideia \u00e9 que se construa em regime de colabora\u00e7\u00e3o o curr\u00edculo do estado junto com os munic\u00edpios. \u00c9 imposs\u00edvel para o Minist\u00e9rio da Educa\u00e7\u00e3o colocar uma equipe de curr\u00edculo em cada munic\u00edpio. Al\u00e9m do mais, entendemos que o curr\u00edculo n\u00e3o tem que vir de fora, ele tem que ser das pr\u00f3prias redes, mesmo que n\u00e3o saiba elaborar o curr\u00edculo, ent\u00e3o que a gente ajude na forma\u00e7\u00e3o de como faz\u00ea-lo\u201d.<\/p>\n<p>Rossieli disse aos secret\u00e1rios que o MEC deve promover neste ano um programa de interc\u00e2mbio de informa\u00e7\u00f5es para ajudar estados que est\u00e3o tendo dificuldades na implanta\u00e7\u00e3o do tempo integral em escolas de ensino m\u00e9dio. \u201cSempre em processo de imers\u00e3o, acompanhando o dia a dia do professor, dos alunos, quais s\u00e3o as dificuldades\u201d, disse.<\/p>\n<p>Edi\u00e7\u00e3o: Val\u00e9ria Aguiar<\/p>\n","protected":false},"excerpt":{"rendered":"<p>O Minist\u00e9rio da Educa\u00e7\u00e3o deve apresentar ao Conselho Nacional de Educa\u00e7\u00e3o (CNE) at\u00e9 o fim do ano uma proposta para que haja uma refer\u00eancia para a constru\u00e7\u00e3o dos curr\u00edculos de licenciatura no pa\u00eds. O CNE est\u00e1 discutindo mudan\u00e7as nos cursos de licenciatura, e a ideia \u00e9 que haja um maior equil\u00edbrio entre eles, disse Rossieli &hellip;<\/p>\n","protected":false},"author":2,"featured_media":27193,"comment_status":"open","ping_status":"open","sticky":false,"template":"","format":"standard","meta":{"footnotes":""},"categories":[4],"tags":[],"class_list":["post-28916","post","type-post","status-publish","format-standard","has-post-thumbnail","hentry","category-ultimas-noticias"],"_links":{"self":[{"href":"https:\/\/goiasemtempo.com.br\/home\/wp-json\/wp\/v2\/posts\/28916","targetHints":{"allow":["GET"]}}],"collection":[{"href":"https:\/\/goiasemtempo.com.br\/home\/wp-json\/wp\/v2\/posts"}],"about":[{"href":"https:\/\/goiasemtempo.com.br\/home\/wp-json\/wp\/v2\/types\/post"}],"author":[{"embeddable":true,"href":"https:\/\/goiasemtempo.com.br\/home\/wp-json\/wp\/v2\/users\/2"}],"replies":[{"embeddable":true,"href":"https:\/\/goiasemtempo.com.br\/home\/wp-json\/wp\/v2\/comments?post=28916"}],"version-history":[{"count":1,"href":"https:\/\/goiasemtempo.com.br\/home\/wp-json\/wp\/v2\/posts\/28916\/revisions"}],"predecessor-version":[{"id":28917,"href":"https:\/\/goiasemtempo.com.br\/home\/wp-json\/wp\/v2\/posts\/28916\/revisions\/28917"}],"wp:featuredmedia":[{"embeddable":true,"href":"https:\/\/goiasemtempo.com.br\/home\/wp-json\/wp\/v2\/media\/27193"}],"wp:attachment":[{"href":"https:\/\/goiasemtempo.com.br\/home\/wp-json\/wp\/v2\/media?parent=28916"}],"wp:term":[{"taxonomy":"category","embeddable":true,"href":"https:\/\/goiasemtempo.com.br\/home\/wp-json\/wp\/v2\/categories?post=28916"},{"taxonomy":"post_tag","embeddable":true,"href":"https:\/\/goiasemtempo.com.br\/home\/wp-json\/wp\/v2\/tags?post=28916"}],"curies":[{"name":"wp","href":"https:\/\/api.w.org\/{rel}","templated":true}]}}