{"id":28872,"date":"2018-03-18T05:47:44","date_gmt":"2018-03-18T05:47:44","guid":{"rendered":"https:\/\/goiasemtempo.com.br\/home\/?p=28872"},"modified":"2018-03-18T05:47:44","modified_gmt":"2018-03-18T05:47:44","slug":"romero-juca-diz-que-esta-tranquilo-e-provara-inocencia-em-denuncia-por-corrupcao","status":"publish","type":"post","link":"https:\/\/goiasemtempo.com.br\/home\/romero-juca-diz-que-esta-tranquilo-e-provara-inocencia-em-denuncia-por-corrupcao\/","title":{"rendered":"Romero Juc\u00e1 diz que est\u00e1 tranquilo e provar\u00e1 inoc\u00eancia em den\u00fancia por corrup\u00e7\u00e3o"},"content":{"rendered":"<p>O l\u00edder do governo no Senado, Romero Juc\u00e1 (MDB-RR), afirmou que provar\u00e1 sua inoc\u00eancia na den\u00fancia recebida nesta ter\u00e7a-feira (13) pela Primeira Turma do Supremo Tribunal Federal, tornando-o r\u00e9u. Segundo o senador, as doa\u00e7\u00f5es recebidas na campanha de 2014 pela empreiteira Odebrecht foram feitas de modo oficial e \u201cos pedidos de investiga\u00e7\u00e3o do Minist\u00e9rio P\u00fablico Federal (MPF) buscam, na verdade, a criminaliza\u00e7\u00e3o da pol\u00edtica\u201d.<\/p>\n<p>\u201cO STF n\u00e3o se manifestou quanto ao m\u00e9rito da mat\u00e9ria, disse apenas que precisava ser instru\u00eddo o processo. Portanto, estou tranquilo, vou responder tudo, provarei que sou inocente, que n\u00e3o houve nada de errado nessa doa\u00e7\u00e3o, e portanto vamos aguardar e trabalhar com tranquilidade atrav\u00e9s dos nossos advogados\u201d, disse Juc\u00e1, em entrevista a jornalistas no Senado, ap\u00f3s ficar sabendo da aceita\u00e7\u00e3o da den\u00fancia.<\/p>\n<p>De acordo com o parlamentar, a doa\u00e7\u00e3o, no valor de R$ 150 mil, foi devidamente declarada ao Tribunal Superior Eleitoral (TSE), e n\u00e3o houve \u201cnenhum tipo de benef\u00edcio\u201d \u00e0 construtora. Ele disse que \u201cn\u00e3o tem nenhum motivo\u201d para deixar a lideran\u00e7a do governo e, portanto, continuar\u00e1 no cargo.<\/p>\n<p>Sobre as cr\u00edticas do governo quanto a uma poss\u00edvel interfer\u00eancia do Judici\u00e1rio na atribui\u00e7\u00e3o de outros Poderes, Romero Juc\u00e1 evitou relacionar a quest\u00e3o ao fato de ele ter se tornado r\u00e9u.<\/p>\n<p>\u201cOs excessos devem ser discutidos e tratados pela Justi\u00e7a. Nesse caso, o excesso, na verdade, foi cometido pelo [ex-procurador-geral da Rep\u00fablica] Rodrigo Janot, que fez uma den\u00fancia inepta, irrespons\u00e1vel. Ao receber a den\u00fancia, os ministros do STF entenderam que era preciso instruir. N\u00e3o tenho nenhum coment\u00e1rio sobre postura de qualquer ministro, acho que eles est\u00e3o se resguardando e dando andamento t\u00e9cnico aos procedimentos. Na instru\u00e7\u00e3o do processo, n\u00f3s vamos provar qual \u00e9 a verdade\u201d, disse.<\/p>\n<p>A Primeira Turma do Supremo aceitou, por unanimidade, a den\u00fancia oferecida contra o senador pelos crimes de corrup\u00e7\u00e3o e lavagem de dinheiro, em um desdobramento da Opera\u00e7\u00e3o Lava Jato. A partir de agora, come\u00e7a a fase de instru\u00e7\u00e3o da a\u00e7\u00e3o penal, com oitiva das testemunhas, da defesa, da acusa\u00e7\u00e3o e coleta de provas. Esta \u00e9 a primeira vez que Romero Juc\u00e1 se torna r\u00e9u, em uma das 13 investiga\u00e7\u00f5es que tramitam na Corte contra ele.<\/p>\n<p>Por meio de nota, o MDB, partido do qual Juc\u00e1 \u00e9 presidente nacional, disse lamentar o que classificou de criminaliza\u00e7\u00e3o de doa\u00e7\u00f5es legais com base \u201capenas em depoimentos mentirosos de delatores. O partido refor\u00e7a sua confian\u00e7a na Justi\u00e7a e espera que a verdade supere as insinua\u00e7\u00f5es\u201d.<\/p>\n<p>Edi\u00e7\u00e3o: Fernando Fraga<\/p>\n","protected":false},"excerpt":{"rendered":"<p>O l\u00edder do governo no Senado, Romero Juc\u00e1 (MDB-RR), afirmou que provar\u00e1 sua inoc\u00eancia na den\u00fancia recebida nesta ter\u00e7a-feira (13) pela Primeira Turma do Supremo Tribunal Federal, tornando-o r\u00e9u. Segundo o senador, as doa\u00e7\u00f5es recebidas na campanha de 2014 pela empreiteira Odebrecht foram feitas de modo oficial e \u201cos pedidos de investiga\u00e7\u00e3o do Minist\u00e9rio P\u00fablico &hellip;<\/p>\n","protected":false},"author":2,"featured_media":27171,"comment_status":"open","ping_status":"open","sticky":false,"template":"","format":"standard","meta":{"footnotes":""},"categories":[4],"tags":[],"class_list":["post-28872","post","type-post","status-publish","format-standard","has-post-thumbnail","hentry","category-ultimas-noticias"],"_links":{"self":[{"href":"https:\/\/goiasemtempo.com.br\/home\/wp-json\/wp\/v2\/posts\/28872","targetHints":{"allow":["GET"]}}],"collection":[{"href":"https:\/\/goiasemtempo.com.br\/home\/wp-json\/wp\/v2\/posts"}],"about":[{"href":"https:\/\/goiasemtempo.com.br\/home\/wp-json\/wp\/v2\/types\/post"}],"author":[{"embeddable":true,"href":"https:\/\/goiasemtempo.com.br\/home\/wp-json\/wp\/v2\/users\/2"}],"replies":[{"embeddable":true,"href":"https:\/\/goiasemtempo.com.br\/home\/wp-json\/wp\/v2\/comments?post=28872"}],"version-history":[{"count":1,"href":"https:\/\/goiasemtempo.com.br\/home\/wp-json\/wp\/v2\/posts\/28872\/revisions"}],"predecessor-version":[{"id":28873,"href":"https:\/\/goiasemtempo.com.br\/home\/wp-json\/wp\/v2\/posts\/28872\/revisions\/28873"}],"wp:featuredmedia":[{"embeddable":true,"href":"https:\/\/goiasemtempo.com.br\/home\/wp-json\/wp\/v2\/media\/27171"}],"wp:attachment":[{"href":"https:\/\/goiasemtempo.com.br\/home\/wp-json\/wp\/v2\/media?parent=28872"}],"wp:term":[{"taxonomy":"category","embeddable":true,"href":"https:\/\/goiasemtempo.com.br\/home\/wp-json\/wp\/v2\/categories?post=28872"},{"taxonomy":"post_tag","embeddable":true,"href":"https:\/\/goiasemtempo.com.br\/home\/wp-json\/wp\/v2\/tags?post=28872"}],"curies":[{"name":"wp","href":"https:\/\/api.w.org\/{rel}","templated":true}]}}