{"id":28838,"date":"2018-03-18T05:35:28","date_gmt":"2018-03-18T05:35:28","guid":{"rendered":"https:\/\/goiasemtempo.com.br\/home\/?p=28838"},"modified":"2018-03-18T05:35:28","modified_gmt":"2018-03-18T05:35:28","slug":"hugol-acolhe-nova-turma-de-residentes-medicos","status":"publish","type":"post","link":"https:\/\/goiasemtempo.com.br\/home\/hugol-acolhe-nova-turma-de-residentes-medicos\/","title":{"rendered":"HUGOL acolhe nova turma de residentes m\u00e9dicos"},"content":{"rendered":"<p>Hospital Estadual de Urg\u00eancias da Regi\u00e3o Noroeste de Goi\u00e2nia Governador Ot\u00e1vio Lage de Siqueira foi acolhida em cerim\u00f4nia realizada na sexta-feira, 09, na sala de reuni\u00f5es da unidade. S\u00e3o 14 novos residentes nas \u00e1reas de Cirurgia Geral, Cl\u00ednica M\u00e9dica e Ortopedia e Traumatologia.<\/p>\n<p>A Superintendente Multiprofissional de Reabilita\u00e7\u00e3o da AGIR \u2013 Associa\u00e7\u00e3o Goiana de Integraliza\u00e7\u00e3o e Reabilita\u00e7\u00e3o, Divaina Alves Batista, concedeu as boas-vindas aos residentes e refor\u00e7ou a import\u00e2ncia da abordagem multidisciplinar praticada no HUGOL, em que os diversos profissionais da assist\u00eancia trabalham integrados para promover um atendimento humanizado e com qualidade e seguran\u00e7a aos pacientes.<\/p>\n<p>Reafirmando o compromisso que os residentes devem assumir com o atendimento humanizado, o Diretor Geral do hospital, H\u00e9lio Ponciano Trevenzol, afirmou que, \u201capesar de toda evolu\u00e7\u00e3o na assist\u00eancia m\u00e9dica, o contato e o olho no olho s\u00e3o essenciais, o que nos motiva a buscar a medicina na raiz da sua concep\u00e7\u00e3o, pois seu princ\u00edpio n\u00e3o foi alterado: atender bem, acolhendo as pessoas atendidas\u201d.<\/p>\n<p>O coordenador da COREME e Gerente de Atendimento ao Paciente, Guillermo S\u00f3crates, destacou a import\u00e2ncia desse momento para a forma\u00e7\u00e3o dos m\u00e9dicos, pois a especializa\u00e7\u00e3o por meio de uma resid\u00eancia torna-se um diferencial na capacita\u00e7\u00e3o desses profissionais.<\/p>\n<p>O HUGOL \u00e9 uma unidade de assist\u00eancia, ensino, pesquisa e extens\u00e3o universit\u00e1ria. Iniciou o programa de resid\u00eancia m\u00e9dica em 2016 para atuar nas \u00e1reas\/especialidades de Cl\u00ednica M\u00e9dica, Cirurgia Geral e Ortopedia e Traumatologia. As resid\u00eancias constituem uma modalidade de ensino de p\u00f3s-gradua\u00e7\u00e3o, sob a forma de curso de especializa\u00e7\u00e3o, funcionando em institui\u00e7\u00f5es de sa\u00fade, sob a orienta\u00e7\u00e3o de profissionais de elevada qualifica\u00e7\u00e3o \u00e9tica e profissional.<\/p>\n","protected":false},"excerpt":{"rendered":"<p>Hospital Estadual de Urg\u00eancias da Regi\u00e3o Noroeste de Goi\u00e2nia Governador Ot\u00e1vio Lage de Siqueira foi acolhida em cerim\u00f4nia realizada na sexta-feira, 09, na sala de reuni\u00f5es da unidade. S\u00e3o 14 novos residentes nas \u00e1reas de Cirurgia Geral, Cl\u00ednica M\u00e9dica e Ortopedia e Traumatologia. A Superintendente Multiprofissional de Reabilita\u00e7\u00e3o da AGIR \u2013 Associa\u00e7\u00e3o Goiana de Integraliza\u00e7\u00e3o &hellip;<\/p>\n","protected":false},"author":2,"featured_media":27154,"comment_status":"open","ping_status":"open","sticky":false,"template":"","format":"standard","meta":{"footnotes":""},"categories":[4],"tags":[],"class_list":["post-28838","post","type-post","status-publish","format-standard","has-post-thumbnail","hentry","category-ultimas-noticias"],"_links":{"self":[{"href":"https:\/\/goiasemtempo.com.br\/home\/wp-json\/wp\/v2\/posts\/28838","targetHints":{"allow":["GET"]}}],"collection":[{"href":"https:\/\/goiasemtempo.com.br\/home\/wp-json\/wp\/v2\/posts"}],"about":[{"href":"https:\/\/goiasemtempo.com.br\/home\/wp-json\/wp\/v2\/types\/post"}],"author":[{"embeddable":true,"href":"https:\/\/goiasemtempo.com.br\/home\/wp-json\/wp\/v2\/users\/2"}],"replies":[{"embeddable":true,"href":"https:\/\/goiasemtempo.com.br\/home\/wp-json\/wp\/v2\/comments?post=28838"}],"version-history":[{"count":1,"href":"https:\/\/goiasemtempo.com.br\/home\/wp-json\/wp\/v2\/posts\/28838\/revisions"}],"predecessor-version":[{"id":28839,"href":"https:\/\/goiasemtempo.com.br\/home\/wp-json\/wp\/v2\/posts\/28838\/revisions\/28839"}],"wp:featuredmedia":[{"embeddable":true,"href":"https:\/\/goiasemtempo.com.br\/home\/wp-json\/wp\/v2\/media\/27154"}],"wp:attachment":[{"href":"https:\/\/goiasemtempo.com.br\/home\/wp-json\/wp\/v2\/media?parent=28838"}],"wp:term":[{"taxonomy":"category","embeddable":true,"href":"https:\/\/goiasemtempo.com.br\/home\/wp-json\/wp\/v2\/categories?post=28838"},{"taxonomy":"post_tag","embeddable":true,"href":"https:\/\/goiasemtempo.com.br\/home\/wp-json\/wp\/v2\/tags?post=28838"}],"curies":[{"name":"wp","href":"https:\/\/api.w.org\/{rel}","templated":true}]}}