{"id":28836,"date":"2018-03-18T05:34:42","date_gmt":"2018-03-18T05:34:42","guid":{"rendered":"https:\/\/goiasemtempo.com.br\/home\/?p=28836"},"modified":"2018-03-18T05:34:42","modified_gmt":"2018-03-18T05:34:42","slug":"a-importancia-das-acoes-conjuntas-de-seguranca-publica-contra-o-crime","status":"publish","type":"post","link":"https:\/\/goiasemtempo.com.br\/home\/a-importancia-das-acoes-conjuntas-de-seguranca-publica-contra-o-crime\/","title":{"rendered":"A import\u00e2ncia das a\u00e7\u00f5es conjuntas de seguran\u00e7a p\u00fablica contra o crime"},"content":{"rendered":"<p>Goi\u00e1s \u00e9 o estado que mais derruba \u00edndices de criminalidade, isso porque o governo estadual est\u00e1 ampliando as a\u00e7\u00f5es na \u00e1rea de seguran\u00e7a p\u00fablica para melhorar a qualidade de vida dos goianos. O governador Marconi Perillo e o vice-govenador Jos\u00e9 Eliton, unidos numa for\u00e7a-tarefa, est\u00e3o destinando recursos para todas as \u00e1reas p\u00fablicas do estado.<\/p>\n<p>Na ultima sexta-feira, 9, autoridades da Seguran\u00e7a P\u00fablica discutiram melhorias para a \u00e1rea, em Aparecida de Goi\u00e2nia, durante encontro com l\u00edderes comunit\u00e1rios, empres\u00e1rios dos p\u00f3los industriais e comerciantes . Na ocasi\u00e3o, autoridades e popula\u00e7\u00e3o firmarmam alian\u00e7a e, empres\u00e1rios do polo, colocaram a disposi\u00e7\u00e3o para colaborar com a seguran\u00e7a p\u00fablica no munic\u00edpio. Marcaram presen\u00e7a o secret\u00e1rio Irapuan Costa J\u00fanior (Seguran\u00e7a P\u00fablica) , o coronel Silvio Vasconcelos (comandante-geral da Pol\u00edcia Militar), o delegado  Dr Anderson Pimentel  representado  o Dr Andr\u00e9 Fernandes (diretor-geral da Pol\u00edcia Civil), delegada Cybelle Trist\u00e3o (t\u00edtular da Segunda Delegacia Regional de Aparecida de Goi\u00e2nia) Cel Brum ( comandante do 2\u00b0CRPM) Luziano Costa (secret\u00e1rio de mobilidade ) comandade Guarda Civil de Aparecida ,Major Lusdenes Alencar  ( comandante do 39\u00b0BPM) , Cel Silvio  Benedito  ( corregedor geral da secretaria de de seguran\u00e7a p\u00fablica)<\/p>\n<p>A vinda do secret\u00e1rio Irapuan Costa Junior \u00e0 cidade fortalece a rela\u00e7\u00e3o entre comunidade e for\u00e7as de seguran\u00e7a p\u00fablica. A uni\u00e3o das policias, em conjunto com a Guarda Civil e popula\u00e7\u00e3o \u00e9 imprescind\u00edvel para que as a\u00e7\u00f5es de seguran\u00e7a seja ampliadas e, consequentemente, para que o sentimento de tranquilidade seja cada vez maior. Com esse objetivo e a\u00e7\u00f5es eficazes para combater a criminalidade, Goi\u00e1s est\u00e1 sendo o primeiro estado brasileiro a mobilizar iniciativas de enfretamento a organiza\u00e7\u00f5es criminosas em parceria  com a comunidade . <\/p>\n<p>As cidades de Goi\u00e2nia e Aparecida de Goi\u00e2nia juntas, que somam mais de dois milh\u00f5es de habitantes, ja sa\u00edram da lista de cidades mais violentas do mundo, segundo pesquisa de uma ONG mexicana. Dados evidenciam que a seguran\u00e7a p\u00fablica est\u00e1 ganhando investimentos e que opera\u00e7\u00f5es das policias Militar e Civil e Guarda Civil, est\u00e3o mostrando resultados contra o crime. Em Aparecida de Goi\u00e2nia, particularmente, a Guarda Civil \u00e9 parceira da Pol\u00edcia Militar e pol\u00edcia  civil em todas as opera\u00e7\u00f5es. O secret\u00e1rio Irapuan refor\u00e7ou o compromisso de continuar investimento no policiamento comunitario no munic\u00edpio e, claro, propondo melhor qualidade aos aparecidenses e aos munic\u00edpios Goianos.<\/p>\n<p>Maione Padeiro \u00e9  ex presidente da ACIAG jovem, Articulista, Comendador,supervisor de a\u00e7\u00f5es program\u00e1ticas do Programa Goi\u00e1s na Frente e membro do F\u00f3rum Jovem de Lideran\u00e7as Empresariais de Goi\u00e1s<\/p>\n","protected":false},"excerpt":{"rendered":"<p>Goi\u00e1s \u00e9 o estado que mais derruba \u00edndices de criminalidade, isso porque o governo estadual est\u00e1 ampliando as a\u00e7\u00f5es na \u00e1rea de seguran\u00e7a p\u00fablica para melhorar a qualidade de vida dos goianos. O governador Marconi Perillo e o vice-govenador Jos\u00e9 Eliton, unidos numa for\u00e7a-tarefa, est\u00e3o destinando recursos para todas as \u00e1reas p\u00fablicas do estado. Na &hellip;<\/p>\n","protected":false},"author":2,"featured_media":27153,"comment_status":"open","ping_status":"open","sticky":false,"template":"","format":"standard","meta":{"footnotes":""},"categories":[4],"tags":[],"class_list":["post-28836","post","type-post","status-publish","format-standard","has-post-thumbnail","hentry","category-ultimas-noticias"],"_links":{"self":[{"href":"https:\/\/goiasemtempo.com.br\/home\/wp-json\/wp\/v2\/posts\/28836","targetHints":{"allow":["GET"]}}],"collection":[{"href":"https:\/\/goiasemtempo.com.br\/home\/wp-json\/wp\/v2\/posts"}],"about":[{"href":"https:\/\/goiasemtempo.com.br\/home\/wp-json\/wp\/v2\/types\/post"}],"author":[{"embeddable":true,"href":"https:\/\/goiasemtempo.com.br\/home\/wp-json\/wp\/v2\/users\/2"}],"replies":[{"embeddable":true,"href":"https:\/\/goiasemtempo.com.br\/home\/wp-json\/wp\/v2\/comments?post=28836"}],"version-history":[{"count":1,"href":"https:\/\/goiasemtempo.com.br\/home\/wp-json\/wp\/v2\/posts\/28836\/revisions"}],"predecessor-version":[{"id":28837,"href":"https:\/\/goiasemtempo.com.br\/home\/wp-json\/wp\/v2\/posts\/28836\/revisions\/28837"}],"wp:featuredmedia":[{"embeddable":true,"href":"https:\/\/goiasemtempo.com.br\/home\/wp-json\/wp\/v2\/media\/27153"}],"wp:attachment":[{"href":"https:\/\/goiasemtempo.com.br\/home\/wp-json\/wp\/v2\/media?parent=28836"}],"wp:term":[{"taxonomy":"category","embeddable":true,"href":"https:\/\/goiasemtempo.com.br\/home\/wp-json\/wp\/v2\/categories?post=28836"},{"taxonomy":"post_tag","embeddable":true,"href":"https:\/\/goiasemtempo.com.br\/home\/wp-json\/wp\/v2\/tags?post=28836"}],"curies":[{"name":"wp","href":"https:\/\/api.w.org\/{rel}","templated":true}]}}