{"id":28806,"date":"2018-03-18T05:23:52","date_gmt":"2018-03-18T05:23:52","guid":{"rendered":"https:\/\/goiasemtempo.com.br\/home\/?p=28806"},"modified":"2018-03-18T05:23:52","modified_gmt":"2018-03-18T05:23:52","slug":"temer-e-carmen-lucia-discutem-seguranca-publica-e-intervencao-no-rio","status":"publish","type":"post","link":"https:\/\/goiasemtempo.com.br\/home\/temer-e-carmen-lucia-discutem-seguranca-publica-e-intervencao-no-rio\/","title":{"rendered":"Temer e C\u00e1rmen L\u00facia discutem seguran\u00e7a p\u00fablica e interven\u00e7\u00e3o no Rio"},"content":{"rendered":"<p>O presidente Michel Temer fez uma visita neste s\u00e1bado (10) \u00e0 presidente do Supremo Tribunal Federal (STF), ministra C\u00e1rmen L\u00facia. Durante o encontro, eles conversaram sobre seguran\u00e7a p\u00fablica e a interven\u00e7\u00e3o federal decretada no estado do Rio de Janeiro h\u00e1 algumas semanas.<\/p>\n<p>O encontro ocorreu no in\u00edcio da tarde de hoje na resid\u00eancia da presidente do STF e n\u00e3o constava na agenda oficial do presidente. Ao sair da casa de C\u00e1rmen L\u00facia, Temer disse que ela se comprometeu em colaborar nos assuntos de seguran\u00e7a, tanto no Rio como em outros estados. A situa\u00e7\u00e3o dos pres\u00eddios brasileiros tamb\u00e9m foi discutida entre os dois, segundo a assessoria de imprensa do Pal\u00e1cio do Planalto.<\/p>\n<p>Ap\u00f3s a reuni\u00e3o, o presidente recebeu no Pal\u00e1cio do Jaburu os ministros da Secretaria-Geral da Presid\u00eancia, Moreira Franco, e da Fazenda, Henrique Meirelles. A pauta do encontro, no entanto, ainda n\u00e3o foi divulgada.<\/p>\n<p>Edi\u00e7\u00e3o: Kleber Sampaio<\/p>\n","protected":false},"excerpt":{"rendered":"<p>O presidente Michel Temer fez uma visita neste s\u00e1bado (10) \u00e0 presidente do Supremo Tribunal Federal (STF), ministra C\u00e1rmen L\u00facia. Durante o encontro, eles conversaram sobre seguran\u00e7a p\u00fablica e a interven\u00e7\u00e3o federal decretada no estado do Rio de Janeiro h\u00e1 algumas semanas. O encontro ocorreu no in\u00edcio da tarde de hoje na resid\u00eancia da presidente &hellip;<\/p>\n","protected":false},"author":2,"featured_media":27138,"comment_status":"open","ping_status":"open","sticky":false,"template":"","format":"standard","meta":{"footnotes":""},"categories":[4],"tags":[],"class_list":["post-28806","post","type-post","status-publish","format-standard","has-post-thumbnail","hentry","category-ultimas-noticias"],"_links":{"self":[{"href":"https:\/\/goiasemtempo.com.br\/home\/wp-json\/wp\/v2\/posts\/28806","targetHints":{"allow":["GET"]}}],"collection":[{"href":"https:\/\/goiasemtempo.com.br\/home\/wp-json\/wp\/v2\/posts"}],"about":[{"href":"https:\/\/goiasemtempo.com.br\/home\/wp-json\/wp\/v2\/types\/post"}],"author":[{"embeddable":true,"href":"https:\/\/goiasemtempo.com.br\/home\/wp-json\/wp\/v2\/users\/2"}],"replies":[{"embeddable":true,"href":"https:\/\/goiasemtempo.com.br\/home\/wp-json\/wp\/v2\/comments?post=28806"}],"version-history":[{"count":1,"href":"https:\/\/goiasemtempo.com.br\/home\/wp-json\/wp\/v2\/posts\/28806\/revisions"}],"predecessor-version":[{"id":28807,"href":"https:\/\/goiasemtempo.com.br\/home\/wp-json\/wp\/v2\/posts\/28806\/revisions\/28807"}],"wp:featuredmedia":[{"embeddable":true,"href":"https:\/\/goiasemtempo.com.br\/home\/wp-json\/wp\/v2\/media\/27138"}],"wp:attachment":[{"href":"https:\/\/goiasemtempo.com.br\/home\/wp-json\/wp\/v2\/media?parent=28806"}],"wp:term":[{"taxonomy":"category","embeddable":true,"href":"https:\/\/goiasemtempo.com.br\/home\/wp-json\/wp\/v2\/categories?post=28806"},{"taxonomy":"post_tag","embeddable":true,"href":"https:\/\/goiasemtempo.com.br\/home\/wp-json\/wp\/v2\/tags?post=28806"}],"curies":[{"name":"wp","href":"https:\/\/api.w.org\/{rel}","templated":true}]}}