{"id":28752,"date":"2018-03-18T05:04:21","date_gmt":"2018-03-18T05:04:21","guid":{"rendered":"https:\/\/goiasemtempo.com.br\/home\/?p=28752"},"modified":"2018-03-18T05:04:21","modified_gmt":"2018-03-18T05:04:21","slug":"ue-nao-obtem-garantias-sobre-tarifas-anunciadas-pelos-eua","status":"publish","type":"post","link":"https:\/\/goiasemtempo.com.br\/home\/ue-nao-obtem-garantias-sobre-tarifas-anunciadas-pelos-eua\/","title":{"rendered":"UE n\u00e3o obt\u00e9m garantias sobre tarifas anunciadas pelos EUA"},"content":{"rendered":"<p>A Uni\u00e3o Europeia (UE) n\u00e3o obteve neste s\u00e1bado garantias de que ficar\u00e1 isenta das tarifas impostas pelo presidente Donald Trump sobre o a\u00e7o e alum\u00ednio, ap\u00f3s advertir os Estados Unidos sobre os riscos de uma guerra comercial.<\/p>\n<p>Os europeus expressaram hoje sua decep\u00e7\u00e3o ao representante americano do Com\u00e9rcio, Robert Lighthizer, que viajou a Bruxelas para uma reuni\u00e3o j\u00e1 prevista com a comiss\u00e1ria europeia do ramo, Cecilia Malmstrom, e o ministro japon\u00eas da Economia, Hiroshige Seko.<\/p>\n<p>Assim como a UE, o Jap\u00e3o exige isen\u00e7\u00e3o das taxas anunciadas na \u00faltima quinta-feira por Trump, de 25% sobre a importa\u00e7\u00e3o de a\u00e7o e 10% sobre a de alum\u00ednio.<\/p>\n<p>Foi uma discuss\u00e3o franca, mas n\u00e3o obtivemos clareza imediata sobre o procedimento para ficarmos isentos, e as negocia\u00e7\u00f5es continuar\u00e3o na pr\u00f3xima semana, anunciou Malmstrom no Twitter ap\u00f3s o encontro, de quatro horas.<\/p>\n<p>Somos um aliado pr\u00f3ximo e um s\u00f3cio comercial dos Estados Unidos, e, como tal, a Uni\u00e3o Europeia deve ser exclu\u00edda das medidas anunciadas pelo presidente Donald Trump, insistiu Malmstrom.<\/p>\n<p>O encontro tamb\u00e9m abordou a coopera\u00e7\u00e3o entre os tr\u00eas parceiros para lutar contra o dumping e os problemas envolvendo a sobrecapacidade no setor sider\u00fargico. A delega\u00e7\u00e3o europeia considerou que houve bons resultados nesta parte da reuni\u00e3o, e espera que Trump leve em conta seus esfor\u00e7os.<\/p>\n<p>Embora nem europeus, nem japoneses esperassem uma decis\u00e3o hoje, quiseram aproveitar para pressionar os americanos. Eles exigem uma isen\u00e7\u00e3o das novas tarifas e rejeitam a condi\u00e7\u00e3o de um acordo sobre a seguran\u00e7a, como o imposto pelo presidente americano \u00e0 Austr\u00e1lia.<\/p>\n<p>O presidente franc\u00eas, Emmanuel Macron, advertiu Trump nesta sexta-feira sobre as consequ\u00eancias de sua decis\u00e3o.<\/p>\n<p>Tais medidas contra pa\u00edses aliados, que respeitam as regras do com\u00e9rcio mundial, n\u00e3o seriam eficazes para lutar contra as pr\u00e1ticas desleais, afirmou.<\/p>\n<p>A Europa responder\u00e1 de forma clara e proporcional a qualquer pr\u00e1tica infundada e contr\u00e1ria \u00e0s regras do com\u00e9rcio mundial, completou.<\/p>\n<p>O vice-presidente da Comiss\u00e3o Europeia, Jyrki Katainen, reconheceu ontem que n\u00e3o esperava ver tudo resolvido com esta reuni\u00e3o.<\/p>\n<p>Mas precisamos de esclarecimentos e iniciar um di\u00e1logo com os Estados Unidos, a fim de evitar uma escalada para um conflito comercial global, disse.<\/p>\n<p>O modo como vai funcionar o processo de isen\u00e7\u00e3o n\u00e3o est\u00e1 muito claro. Mas eu espero que ningu\u00e9m tenha a expectativa de que faremos concess\u00f5es em quest\u00f5es comerciais, destacou Katainen.<\/p>\n<p>Isto n\u00e3o \u00e9 uma negocia\u00e7\u00e3o comercial. Estamos falando de uma a\u00e7\u00e3o unilateral contra as regras internacionais. Queremos resolver antes que se transforme realmente em um problema.<\/p>\n<p>Katainen mencionou que a UE est\u00e1 pronta para utilizar, se necess\u00e1rio, medidas de reequil\u00edbrio contra produtos americanos emblem\u00e1ticos, como jeans, motos de grande cilindrada ou manteiga de amendoim.<\/p>\n<p>A estrat\u00e9gia do Executivo da UE tamb\u00e9m passa por adotar medidas de salvaguarda, para proteger a ind\u00fastria europeia de um eventual desvio das exporta\u00e7\u00f5es de terceiros pa\u00edses apontados por Washington, e por uma demanda na Organiza\u00e7\u00e3o Mundial do Com\u00e9rcio (OMC).<\/p>\n<p>zap\/csg\/ple\/an-jz\/sgf\/pa\/fp\/lb<\/p>\n<p>O representante do Com\u00e9rcio americano, Robert Lighthizer, desembarcou neste s\u00e1bado em Bruxelas para uma reuni\u00e3o, que j\u00e1 estava prevista h\u00e1 v\u00e1rios meses, como Malmstrom e com o ministro japon\u00eas da Economia Hiroshige Seko. O Jap\u00e3o, assim como a UE, exige isen\u00e7\u00e3o para o pa\u00eds das tarifas americanas.<\/p>\n<p>Foi uma discuss\u00e3o franca sobre o grave problema que as tarifas americanas representam, destacou Malmstrom.<\/p>\n<p>Trump anunciou na quinta-feira a decis\u00e3o de impor tarifas de importa\u00e7\u00e3o de 25% para o a\u00e7o e 10% para o alum\u00ednio.<\/p>\n<p>A Europa exportou 5,3 bilh\u00f5es de euros em a\u00e7o e 1,1 bilh\u00e3o de euros em alum\u00ednio para os Estados Unidos em 2017.<\/p>\n<p>Aliados e rivais dos Estados Unidos criticam desde quinta-feira uma guinada protecionista de Washington e um ataque ao livre com\u00e9rcio.<\/p>\n<p>Europeus e japoneses exigem uma isen\u00e7\u00e3o das novas tarifas e rejeitam a condi\u00e7\u00e3o de um acordo sobre a seguran\u00e7a, como o imposto pelo presidente americano \u00e0 Austr\u00e1lia.<\/p>\n<p>O presidente franc\u00eas, Emmanuel Macron, advertiu Trump na sexta-feira sobre as consequ\u00eancias de sua decis\u00e3o.<\/p>\n<p>Tais medidas contra pa\u00edses aliados, que respeitam as regras do com\u00e9rcio mundial, n\u00e3o seriam eficazes para lutar contra as pr\u00e1ticas desleais, afirmou.<\/p>\n<p>A Europa responder\u00e1 de forma clara e proporcional a qualquer pr\u00e1tica infundada e contr\u00e1ria \u00e0s regras do com\u00e9rcio mundial, completou.<\/p>\n<p>O vice-presidente da Comiss\u00e3o Europeia, Jyrki Katainen, admitiu na sexta-feira que n\u00e3o esperava ver tudo resolvido com esta reuni\u00e3o.<\/p>\n<p>Mas precisamos de esclarecimentos e iniciar um di\u00e1logo com os os Estados Unidos, com o objetivo de evitar uma escalada para um conflito comercial global, disse.<\/p>\n<p>O modo como vai funcionar o processo de isen\u00e7\u00e3o n\u00e3o est\u00e1 muito claro. Mas eu espero que ningu\u00e9m tenha a expectativa de que faremos concess\u00f5es em quest\u00f5es comerciais, destacou Katainen.<\/p>\n<p>Isto n\u00e3o \u00e9 uma negocia\u00e7\u00e3o comercial. Estamos falando de uma a\u00e7\u00e3o unilateral contra as regras internacionais. Queremos resolver antes que se transforme realmente em um problema.<\/p>\n<p>Katainen mencionou que a UE est\u00e1 pronta para utilizar, se necess\u00e1rio, medidas de reequil\u00edbrio contra produtos americanos emblem\u00e1ticos como jeans, motos de grande cilindrada ou manteiga de amendoim.<\/p>\n<p>A estrat\u00e9gia do Executivo da UE tamb\u00e9m passa por adotar medidas de salvaguarda, para proteger a ind\u00fastria europeia de um eventual desvio das exporta\u00e7\u00f5es de terceiros pa\u00edses apontados por Washington, e por uma demanda na Organiza\u00e7\u00e3o Mundial do Com\u00e9rcio (OMC).<\/p>\n","protected":false},"excerpt":{"rendered":"<p>A Uni\u00e3o Europeia (UE) n\u00e3o obteve neste s\u00e1bado garantias de que ficar\u00e1 isenta das tarifas impostas pelo presidente Donald Trump sobre o a\u00e7o e alum\u00ednio, ap\u00f3s advertir os Estados Unidos sobre os riscos de uma guerra comercial. Os europeus expressaram hoje sua decep\u00e7\u00e3o ao representante americano do Com\u00e9rcio, Robert Lighthizer, que viajou a Bruxelas para &hellip;<\/p>\n","protected":false},"author":2,"featured_media":27111,"comment_status":"open","ping_status":"open","sticky":false,"template":"","format":"standard","meta":{"_exactmetrics_skip_tracking":false,"_exactmetrics_sitenote_active":false,"_exactmetrics_sitenote_note":"","_exactmetrics_sitenote_category":0,"footnotes":""},"categories":[4],"tags":[],"_links":{"self":[{"href":"https:\/\/goiasemtempo.com.br\/home\/wp-json\/wp\/v2\/posts\/28752"}],"collection":[{"href":"https:\/\/goiasemtempo.com.br\/home\/wp-json\/wp\/v2\/posts"}],"about":[{"href":"https:\/\/goiasemtempo.com.br\/home\/wp-json\/wp\/v2\/types\/post"}],"author":[{"embeddable":true,"href":"https:\/\/goiasemtempo.com.br\/home\/wp-json\/wp\/v2\/users\/2"}],"replies":[{"embeddable":true,"href":"https:\/\/goiasemtempo.com.br\/home\/wp-json\/wp\/v2\/comments?post=28752"}],"version-history":[{"count":1,"href":"https:\/\/goiasemtempo.com.br\/home\/wp-json\/wp\/v2\/posts\/28752\/revisions"}],"predecessor-version":[{"id":28753,"href":"https:\/\/goiasemtempo.com.br\/home\/wp-json\/wp\/v2\/posts\/28752\/revisions\/28753"}],"wp:featuredmedia":[{"embeddable":true,"href":"https:\/\/goiasemtempo.com.br\/home\/wp-json\/wp\/v2\/media\/27111"}],"wp:attachment":[{"href":"https:\/\/goiasemtempo.com.br\/home\/wp-json\/wp\/v2\/media?parent=28752"}],"wp:term":[{"taxonomy":"category","embeddable":true,"href":"https:\/\/goiasemtempo.com.br\/home\/wp-json\/wp\/v2\/categories?post=28752"},{"taxonomy":"post_tag","embeddable":true,"href":"https:\/\/goiasemtempo.com.br\/home\/wp-json\/wp\/v2\/tags?post=28752"}],"curies":[{"name":"wp","href":"https:\/\/api.w.org\/{rel}","templated":true}]}}