{"id":28612,"date":"2018-03-18T04:13:48","date_gmt":"2018-03-18T04:13:48","guid":{"rendered":"https:\/\/goiasemtempo.com.br\/home\/?p=28612"},"modified":"2018-03-18T04:13:48","modified_gmt":"2018-03-18T04:13:48","slug":"romenia-lider-da-esquerda-nega-acusacao-de-lavagem-de-dinheiro-no-brasil","status":"publish","type":"post","link":"https:\/\/goiasemtempo.com.br\/home\/romenia-lider-da-esquerda-nega-acusacao-de-lavagem-de-dinheiro-no-brasil\/","title":{"rendered":"Rom\u00eania: l\u00edder da esquerda nega acusa\u00e7\u00e3o de lavagem de dinheiro no Brasil"},"content":{"rendered":"<p>O chefe do Partido Social Democrata da Rom\u00eania (PSD, no poder), Liviu Dragnea, disse que s\u00e3o falsas as informa\u00e7\u00f5es divulgadas na imprensa de que ele estaria sendo investigado no Brasil por lavagem de dinheiro.<\/p>\n<p>\u00c9 um assunto requentado, declarou Dragnea \u00e0 imprensa, acrescentando que esta quest\u00e3o j\u00e1 havia sido mencionada em 2017.<\/p>\n<p>O site investigativo romeno Rise Project e o jornal Folha de S\u00e3o Paulo publicaram nesta sexta-feira as declara\u00e7\u00f5es do procurador federal brasileiro Carlos Wagner Barbosa Guimar\u00e3es, segundo o qual Dragnea e uma pessoa pr\u00f3xima a ele, Mugurel Gheorghias, seriam suspeitos de lavagem de dinheiro.<\/p>\n<p>De acordo com o Rise Project, o Minist\u00e9rio P\u00fablico brasileiro quer comprovar se os dois homens adquiriram im\u00f3veis no Brasil atrav\u00e9s de intermedi\u00e1rios.<\/p>\n<p>Questionado pelos jornalistas, o chefe do PSD assegurou que ele n\u00e3o possu\u00eda nenhum im\u00f3vel diferente dos declarados em (sua) declara\u00e7\u00e3o de patrim\u00f4nio.<\/p>\n<p>Ap\u00f3s as primeiras den\u00fancias do Rise Project sobre a investiga\u00e7\u00e3o, a advogada de Dragnea, Maria Vasii, afirmou em novembro que o dossi\u00ea foi encerrado por falta de elementos que justifiquem a investiga\u00e7\u00e3o.<\/p>\n<p>Dragnea, que admitiu ter passado v\u00e1rias f\u00e9rias no Brasil, foi condenado em 2016 a dois anos de pris\u00e3o em suspenso por fraude eleitoral. Ele \u00e9 atualmente julgado por um caso de empregos fict\u00edcios e \u00e9 alvo de uma investiga\u00e7\u00e3o por desvio de fundos europeus.<\/p>\n<p>A condena\u00e7\u00e3o de Dragnea o impediu de concorrer ao cargo de primeiro-ministro, apesar de ele liderar os social-democratas para uma vit\u00f3ria esmagadora nas elei\u00e7\u00f5es legislativas no final de 2016. Ele continua sendo o homem forte do PSD.<\/p>\n","protected":false},"excerpt":{"rendered":"<p>O chefe do Partido Social Democrata da Rom\u00eania (PSD, no poder), Liviu Dragnea, disse que s\u00e3o falsas as informa\u00e7\u00f5es divulgadas na imprensa de que ele estaria sendo investigado no Brasil por lavagem de dinheiro. \u00c9 um assunto requentado, declarou Dragnea \u00e0 imprensa, acrescentando que esta quest\u00e3o j\u00e1 havia sido mencionada em 2017. O site investigativo &hellip;<\/p>\n","protected":false},"author":2,"featured_media":27041,"comment_status":"open","ping_status":"open","sticky":false,"template":"","format":"standard","meta":{"_exactmetrics_skip_tracking":false,"_exactmetrics_sitenote_active":false,"_exactmetrics_sitenote_note":"","_exactmetrics_sitenote_category":0,"footnotes":""},"categories":[4],"tags":[],"_links":{"self":[{"href":"https:\/\/goiasemtempo.com.br\/home\/wp-json\/wp\/v2\/posts\/28612"}],"collection":[{"href":"https:\/\/goiasemtempo.com.br\/home\/wp-json\/wp\/v2\/posts"}],"about":[{"href":"https:\/\/goiasemtempo.com.br\/home\/wp-json\/wp\/v2\/types\/post"}],"author":[{"embeddable":true,"href":"https:\/\/goiasemtempo.com.br\/home\/wp-json\/wp\/v2\/users\/2"}],"replies":[{"embeddable":true,"href":"https:\/\/goiasemtempo.com.br\/home\/wp-json\/wp\/v2\/comments?post=28612"}],"version-history":[{"count":1,"href":"https:\/\/goiasemtempo.com.br\/home\/wp-json\/wp\/v2\/posts\/28612\/revisions"}],"predecessor-version":[{"id":28613,"href":"https:\/\/goiasemtempo.com.br\/home\/wp-json\/wp\/v2\/posts\/28612\/revisions\/28613"}],"wp:featuredmedia":[{"embeddable":true,"href":"https:\/\/goiasemtempo.com.br\/home\/wp-json\/wp\/v2\/media\/27041"}],"wp:attachment":[{"href":"https:\/\/goiasemtempo.com.br\/home\/wp-json\/wp\/v2\/media?parent=28612"}],"wp:term":[{"taxonomy":"category","embeddable":true,"href":"https:\/\/goiasemtempo.com.br\/home\/wp-json\/wp\/v2\/categories?post=28612"},{"taxonomy":"post_tag","embeddable":true,"href":"https:\/\/goiasemtempo.com.br\/home\/wp-json\/wp\/v2\/tags?post=28612"}],"curies":[{"name":"wp","href":"https:\/\/api.w.org\/{rel}","templated":true}]}}