{"id":28560,"date":"2018-03-18T03:55:03","date_gmt":"2018-03-18T03:55:03","guid":{"rendered":"https:\/\/goiasemtempo.com.br\/home\/?p=28560"},"modified":"2018-03-18T03:55:03","modified_gmt":"2018-03-18T03:55:03","slug":"extremistas-islamicos-sao-evacuados-pela-primeira-vez-de-ghuta-oriental","status":"publish","type":"post","link":"https:\/\/goiasemtempo.com.br\/home\/extremistas-islamicos-sao-evacuados-pela-primeira-vez-de-ghuta-oriental\/","title":{"rendered":"Extremistas isl\u00e2micos s\u00e3o evacuados pela primeira vez de Ghuta Oriental"},"content":{"rendered":"<p>Um pequeno grupo de extremistas isl\u00e2micos foi evacuado na noite de sexta-feira (9) de Ghuta Oriental, reduto rebelde perto de Damasco, onde foi distribu\u00edda ajuda humanit\u00e1ria aos moradores sitiados nesta regi\u00e3o bombardeada pelo regime s\u00edrio.<\/p>\n<p>Esta primeira evacua\u00e7\u00e3o de Ghuta s\u00f3 abrangeria 13 combatentes e suas fam\u00edlias, segundo a TV estatal s\u00edria e uma ONG.<\/p>\n<p>Bashar al Assad lan\u00e7ou em 18 de fevereiro uma ofensiva no reduto rebelde, o \u00faltimo da periferia de Damasco.<\/p>\n<p>O Observat\u00f3rio S\u00edrio de Direitos Humanos (OSDH) informou que os 13 jihadistas s\u00e3o do Hayat Tahrir al Sham, que respondia antes \u00e0 rede Al Qaeda, assim como suas fam\u00edlias.<\/p>\n<p>O poderoso grupo rebelde Jaish al Islam, presente em Ghuta, tinha anunciado antes que um primeiro grupo de jihadistas deixaria o reduto rebelde em dire\u00e7\u00e3o a Idlib (noroeste), \u00faltima prov\u00edncia do pa\u00eds que Bashar al Assad n\u00e3o controla totalmente.<\/p>\n<p>Estes combatentes sa\u00edram, segundo a ag\u00eancia de not\u00edcias s\u00edria Sana, por um dos tr\u00eas corredores que o regime de Damasco disp\u00f4s para evacuar civis e combatentes, mas tamb\u00e9m para levar ajuda humanit\u00e1ria ao enclave.<\/p>\n<p>A TV p\u00fablica s\u00edria filmou ao vivo combatentes a bordo de um \u00f4nibus, alguns muito jovens.<\/p>\n<p>A evacua\u00e7\u00e3o ocorre depois de quase tr\u00eas semanas de bombardeios do regime e do seu aliado russo, que deixaram, segundo o OSDH, 950 v\u00edtimas civis. As for\u00e7as de Damasco reconquistaram mais da metade do enclave rebelde.<\/p>\n<p>&#8211; Distribui\u00e7\u00e3o de ajuda &#8211;<\/p>\n<p>\u00c0s v\u00e9speras de o conflito na S\u00edria completar oito anos, em 15 de mar\u00e7o, o Alto Comissariado da ONU para os Refugiados, Filippo Grandi, afirmou na sexta-feira que est\u00e1 ocorrendo uma trag\u00e9dia humana de dimens\u00f5es colossais no pa\u00eds, onde mais de 340.000 pessoas morreram e milh\u00f5es tiveram que abandonar suas casas.<\/p>\n<p>No final de fevereiro o Conselho de Seguran\u00e7a da ONU adotou uma resolu\u00e7\u00e3o que pede um cessar-fogo de 30 dias em toda a S\u00edria.<\/p>\n<p>Os principais grupos rebeldes na Ghuta haviam anunciado que aceitavam expulsar os jihadistas que antes respondiam \u00e0 Al Qaeda deste reduto rebelde.<\/p>\n<p>Referindo-se a consultas com as Na\u00e7\u00f5es Unidas e as partes internacionais, o Jaish al Islam assegurou na sexta-feira que o primeiro grupo a sair de Ghuta era composto de jihadistas que estavam sob seu controle.<\/p>\n<p>Durante o dia, um comboio de 13 caminh\u00f5es que transportavam alimentos entrou no setor para distribuir a ajuda que desde a segunda-feira estava bloqueada, informou o Comit\u00ea Internacional da Cruz Vermelha (CIRV).<\/p>\n<p>Esta ajuda foi distribu\u00edda em Duma apesar dos bombardeios nesta cidade, a principal da regi\u00e3o, e os helic\u00f3pteros do regime que sobrevoavam a \u00e1rea, segundo um correspondente da AFP no local.<\/p>\n<p>Uns 400.000 civis vivem sitiados desde 2013, sofrendo escassez de alimentos e medicamentos.<\/p>\n<p>\u00c9 a segunda entrega desde que a ofensiva come\u00e7ou. H\u00e1 mais de uma semana, a R\u00fassia decretou uma tr\u00e9gua di\u00e1ria de cinco horas.<\/p>\n<p>Na sexta-feira, os bombardeios no enclave mataram 15 civis, segundo o OSDH.<\/p>\n<p>A organiza\u00e7\u00e3o M\u00e9dicos sem Fronteiras (MSF) pediu a entrada sem obst\u00e1culos de material m\u00e9dico no reduto rebelde, denunciando uma terr\u00edvel cat\u00e1strofe m\u00e9dica.<\/p>\n<p>O material m\u00e9dico \u00e9 extremamente limitado, as infraestruturas m\u00e9dicas foram atingidas pelos bombardeios e por disparos de artilharia, e o pessoal m\u00e9dico est\u00e1 no limite de suas for\u00e7as.<\/p>\n<p>A ajuda militar da R\u00fassia permitiu \u00e0s for\u00e7as de Assad somar vit\u00f3rias perante os rebeldes e os extremistas e retomar o controle de mais da metade do territ\u00f3rio s\u00edrio.<\/p>\n","protected":false},"excerpt":{"rendered":"<p>Um pequeno grupo de extremistas isl\u00e2micos foi evacuado na noite de sexta-feira (9) de Ghuta Oriental, reduto rebelde perto de Damasco, onde foi distribu\u00edda ajuda humanit\u00e1ria aos moradores sitiados nesta regi\u00e3o bombardeada pelo regime s\u00edrio. Esta primeira evacua\u00e7\u00e3o de Ghuta s\u00f3 abrangeria 13 combatentes e suas fam\u00edlias, segundo a TV estatal s\u00edria e uma ONG. &hellip;<\/p>\n","protected":false},"author":2,"featured_media":27015,"comment_status":"open","ping_status":"open","sticky":false,"template":"","format":"standard","meta":{"footnotes":""},"categories":[4],"tags":[],"class_list":["post-28560","post","type-post","status-publish","format-standard","has-post-thumbnail","hentry","category-ultimas-noticias"],"_links":{"self":[{"href":"https:\/\/goiasemtempo.com.br\/home\/wp-json\/wp\/v2\/posts\/28560","targetHints":{"allow":["GET"]}}],"collection":[{"href":"https:\/\/goiasemtempo.com.br\/home\/wp-json\/wp\/v2\/posts"}],"about":[{"href":"https:\/\/goiasemtempo.com.br\/home\/wp-json\/wp\/v2\/types\/post"}],"author":[{"embeddable":true,"href":"https:\/\/goiasemtempo.com.br\/home\/wp-json\/wp\/v2\/users\/2"}],"replies":[{"embeddable":true,"href":"https:\/\/goiasemtempo.com.br\/home\/wp-json\/wp\/v2\/comments?post=28560"}],"version-history":[{"count":1,"href":"https:\/\/goiasemtempo.com.br\/home\/wp-json\/wp\/v2\/posts\/28560\/revisions"}],"predecessor-version":[{"id":28561,"href":"https:\/\/goiasemtempo.com.br\/home\/wp-json\/wp\/v2\/posts\/28560\/revisions\/28561"}],"wp:featuredmedia":[{"embeddable":true,"href":"https:\/\/goiasemtempo.com.br\/home\/wp-json\/wp\/v2\/media\/27015"}],"wp:attachment":[{"href":"https:\/\/goiasemtempo.com.br\/home\/wp-json\/wp\/v2\/media?parent=28560"}],"wp:term":[{"taxonomy":"category","embeddable":true,"href":"https:\/\/goiasemtempo.com.br\/home\/wp-json\/wp\/v2\/categories?post=28560"},{"taxonomy":"post_tag","embeddable":true,"href":"https:\/\/goiasemtempo.com.br\/home\/wp-json\/wp\/v2\/tags?post=28560"}],"curies":[{"name":"wp","href":"https:\/\/api.w.org\/{rel}","templated":true}]}}