{"id":28532,"date":"2018-03-18T03:44:56","date_gmt":"2018-03-18T03:44:56","guid":{"rendered":"https:\/\/goiasemtempo.com.br\/home\/?p=28532"},"modified":"2018-03-18T03:44:56","modified_gmt":"2018-03-18T03:44:56","slug":"fazenda-aumento-em-taxa-de-importacao-de-aco-pode-desencadear-guerra-comercial","status":"publish","type":"post","link":"https:\/\/goiasemtempo.com.br\/home\/fazenda-aumento-em-taxa-de-importacao-de-aco-pode-desencadear-guerra-comercial\/","title":{"rendered":"Fazenda: aumento em taxa de importa\u00e7\u00e3o de a\u00e7o pode desencadear guerra comercial"},"content":{"rendered":"<p>O secret\u00e1rio-executivo do Minist\u00e9rio da Fazenda, Eduardo Guardia, disse hoje (9) que o governo v\u00ea com preocupa\u00e7\u00e3o a decis\u00e3o dos Estados Unidos de criar uma barreira \u00e0 importa\u00e7\u00e3o do a\u00e7o brasileiro.<\/p>\n<p>Ontem (8), o presidente dos Estados Unidos, Donald Trump, oficializou o aumento das tarifas de importa\u00e7\u00e3o para 25% para o a\u00e7o e 10% para o alum\u00ednio.<\/p>\n<p>\u201c\u00c9 uma preocupa\u00e7\u00e3o grande por estar criando uma barreira comercial. Ali\u00e1s, um pa\u00eds que est\u00e1 em pleno emprego e defendendo um setor com excesso de capacidade. Essa pol\u00edtica \u00e9 question\u00e1vel, mas n\u00e3o cabe \u00e0 gente questionar a pol\u00edtica de outros governos\u201d, disse durante Semin\u00e1rio Internacional AGU [Advocacia Geral da Uni\u00e3o] 25 Anos.<\/p>\n<p>Guardia acrescentou que a medida americana pode desencadear uma rea\u00e7\u00e3o protecionista de outros pa\u00edses. \u201cO efeito pr\u00e1tico disso \u00e9 que pode desencadear uma guerra comercial na rea\u00e7\u00e3o de outros pa\u00edses. Isso vai na contram\u00e3o do livre com\u00e9rcio e do aumento do fluxo de mercadorias, servi\u00e7os e capitais, que \u00e9 o que a gente defende e entende que seja o caminho para o desenvolvimento\u201d, disse. Ele acrescentou que devido \u00e0 import\u00e2ncia do assunto, a rea\u00e7\u00e3o n\u00e3o deve ser isolada, por apenas um pa\u00eds.<\/p>\n<p>Ontem (8), em nota conjunta assinada pelos ministros Marcos Jorge (da Ind\u00fastria e Com\u00e9rcio) e Aloysio Nunes (de Rela\u00e7\u00f5es Exteriores), o governo brasileiro informou que buscou, em sucessivas gest\u00f5es, evitar a aplica\u00e7\u00e3o das medidas \u00e0s exporta\u00e7\u00f5es brasileiras, esclarecendo ao governo americano que os produtos do Brasil n\u00e3o causam amea\u00e7a aos interesses comerciais ou de seguran\u00e7a dos EUA.<\/p>\n<p>Ao todo, 32% do a\u00e7o exportado pela ind\u00fastria nacional t\u00eam como destino o mercado americano, fazendo do Brasil o segundo maior exportador do produto para os Estados Unidos, ficando atr\u00e1s apenas do Canad\u00e1. Apenas em 2017, 4,7 milh\u00f5es de toneladas do a\u00e7o brasileiro foram embarcadas, para os EUA, representando um faturamento de US$ 2,6 bilh\u00f5es.<\/p>\n<p>Edi\u00e7\u00e3o: Denise Griesinger<\/p>\n","protected":false},"excerpt":{"rendered":"<p>O secret\u00e1rio-executivo do Minist\u00e9rio da Fazenda, Eduardo Guardia, disse hoje (9) que o governo v\u00ea com preocupa\u00e7\u00e3o a decis\u00e3o dos Estados Unidos de criar uma barreira \u00e0 importa\u00e7\u00e3o do a\u00e7o brasileiro. Ontem (8), o presidente dos Estados Unidos, Donald Trump, oficializou o aumento das tarifas de importa\u00e7\u00e3o para 25% para o a\u00e7o e 10% para &hellip;<\/p>\n","protected":false},"author":2,"featured_media":27001,"comment_status":"open","ping_status":"open","sticky":false,"template":"","format":"standard","meta":{"_exactmetrics_skip_tracking":false,"_exactmetrics_sitenote_active":false,"_exactmetrics_sitenote_note":"","_exactmetrics_sitenote_category":0,"footnotes":""},"categories":[4],"tags":[],"_links":{"self":[{"href":"https:\/\/goiasemtempo.com.br\/home\/wp-json\/wp\/v2\/posts\/28532"}],"collection":[{"href":"https:\/\/goiasemtempo.com.br\/home\/wp-json\/wp\/v2\/posts"}],"about":[{"href":"https:\/\/goiasemtempo.com.br\/home\/wp-json\/wp\/v2\/types\/post"}],"author":[{"embeddable":true,"href":"https:\/\/goiasemtempo.com.br\/home\/wp-json\/wp\/v2\/users\/2"}],"replies":[{"embeddable":true,"href":"https:\/\/goiasemtempo.com.br\/home\/wp-json\/wp\/v2\/comments?post=28532"}],"version-history":[{"count":1,"href":"https:\/\/goiasemtempo.com.br\/home\/wp-json\/wp\/v2\/posts\/28532\/revisions"}],"predecessor-version":[{"id":28533,"href":"https:\/\/goiasemtempo.com.br\/home\/wp-json\/wp\/v2\/posts\/28532\/revisions\/28533"}],"wp:featuredmedia":[{"embeddable":true,"href":"https:\/\/goiasemtempo.com.br\/home\/wp-json\/wp\/v2\/media\/27001"}],"wp:attachment":[{"href":"https:\/\/goiasemtempo.com.br\/home\/wp-json\/wp\/v2\/media?parent=28532"}],"wp:term":[{"taxonomy":"category","embeddable":true,"href":"https:\/\/goiasemtempo.com.br\/home\/wp-json\/wp\/v2\/categories?post=28532"},{"taxonomy":"post_tag","embeddable":true,"href":"https:\/\/goiasemtempo.com.br\/home\/wp-json\/wp\/v2\/tags?post=28532"}],"curies":[{"name":"wp","href":"https:\/\/api.w.org\/{rel}","templated":true}]}}