{"id":28480,"date":"2018-03-18T03:26:07","date_gmt":"2018-03-18T03:26:07","guid":{"rendered":"https:\/\/goiasemtempo.com.br\/home\/?p=28480"},"modified":"2018-03-18T03:26:07","modified_gmt":"2018-03-18T03:26:07","slug":"mutirao-de-catarata-comeca-hoje-no-estado-de-sao-paulo","status":"publish","type":"post","link":"https:\/\/goiasemtempo.com.br\/home\/mutirao-de-catarata-comeca-hoje-no-estado-de-sao-paulo\/","title":{"rendered":"Mutir\u00e3o de catarata come\u00e7a hoje no estado de S\u00e3o Paulo"},"content":{"rendered":"<p>O governo estadual lan\u00e7ou hoje (9)  o Mutir\u00e3o de catarata, no qual participar\u00e3o 35 Ambulat\u00f3rios M\u00e9dicos de Especialidades (AMEs) do interior e da capital para fazerem  procedimentos cir\u00fargicos. Cerca de 6 mil atendimentos dever\u00e3o ser realizados em todo o estado, aumentando em 50% a demanda. At\u00e9 o final de maio as opera\u00e7\u00f5es ser\u00e3o executadas nos AMEs da capital paulista, regi\u00e3o metropolitana de S\u00e3o Paulo, interior e litoral.<\/p>\n<p>O lan\u00e7amento do projeto que teve investimento de R$ 2 milh\u00f5es extras do governo estadual, foi feito no AME Barradas, na regi\u00e3o de Heli\u00f3polis, zona Sul da capital. \u201cNossos AMEs cir\u00fargicos t\u00eam Hospital Dia, em que as pessoas s\u00e3o operadas, passam pela recupera\u00e7\u00e3o e seguem para casa \u00e0 noite. Com isso, conseguimos fazer mais procedimentos. Desde 2010  o AME Barradas fez 9.891 cirurgias oftalmol\u00f3gicas. Assim, esperamos zerar a fila com esse mutir\u00e3o que envolve 34 AMEs no Estado de S\u00e3o Paulo\u201d, disse o governador Geraldo Alckmin.<\/p>\n<p>Segundo as informa\u00e7\u00f5es do governo estadual, as AMEs ampliaram em 50% a capacidade de atendimento para atender os pacientes que j\u00e1 t\u00eam indica\u00e7\u00e3o para fazer cirurgia de caratara e j\u00e1 est\u00e3o preparados para o procedimento.<\/p>\n<p>As cirurgias j\u00e1 est\u00e3o em andamento desde o dia 19 de fevereiro. \u201cDecidimos realizar esse mutir\u00e3o para agilizar os procedimentos cir\u00fargicos de pacientes com catarata e, consequentemente, melhorar a qualidade de vida dessas pessoas. A a\u00e7\u00e3o evidencia e refor\u00e7a o perfil de alta resolutividade dos nossos AMEs\u201d, disse o secret\u00e1rio de Estado da Sa\u00fade de S\u00e3o Paulo, David Uip.<\/p>\n<p>Edi\u00e7\u00e3o: Val\u00e9ria Aguiar<\/p>\n","protected":false},"excerpt":{"rendered":"<p>O governo estadual lan\u00e7ou hoje (9) o Mutir\u00e3o de catarata, no qual participar\u00e3o 35 Ambulat\u00f3rios M\u00e9dicos de Especialidades (AMEs) do interior e da capital para fazerem procedimentos cir\u00fargicos. Cerca de 6 mil atendimentos dever\u00e3o ser realizados em todo o estado, aumentando em 50% a demanda. At\u00e9 o final de maio as opera\u00e7\u00f5es ser\u00e3o executadas nos &hellip;<\/p>\n","protected":false},"author":2,"featured_media":26975,"comment_status":"open","ping_status":"open","sticky":false,"template":"","format":"standard","meta":{"_exactmetrics_skip_tracking":false,"_exactmetrics_sitenote_active":false,"_exactmetrics_sitenote_note":"","_exactmetrics_sitenote_category":0,"footnotes":""},"categories":[4],"tags":[],"_links":{"self":[{"href":"https:\/\/goiasemtempo.com.br\/home\/wp-json\/wp\/v2\/posts\/28480"}],"collection":[{"href":"https:\/\/goiasemtempo.com.br\/home\/wp-json\/wp\/v2\/posts"}],"about":[{"href":"https:\/\/goiasemtempo.com.br\/home\/wp-json\/wp\/v2\/types\/post"}],"author":[{"embeddable":true,"href":"https:\/\/goiasemtempo.com.br\/home\/wp-json\/wp\/v2\/users\/2"}],"replies":[{"embeddable":true,"href":"https:\/\/goiasemtempo.com.br\/home\/wp-json\/wp\/v2\/comments?post=28480"}],"version-history":[{"count":1,"href":"https:\/\/goiasemtempo.com.br\/home\/wp-json\/wp\/v2\/posts\/28480\/revisions"}],"predecessor-version":[{"id":28481,"href":"https:\/\/goiasemtempo.com.br\/home\/wp-json\/wp\/v2\/posts\/28480\/revisions\/28481"}],"wp:featuredmedia":[{"embeddable":true,"href":"https:\/\/goiasemtempo.com.br\/home\/wp-json\/wp\/v2\/media\/26975"}],"wp:attachment":[{"href":"https:\/\/goiasemtempo.com.br\/home\/wp-json\/wp\/v2\/media?parent=28480"}],"wp:term":[{"taxonomy":"category","embeddable":true,"href":"https:\/\/goiasemtempo.com.br\/home\/wp-json\/wp\/v2\/categories?post=28480"},{"taxonomy":"post_tag","embeddable":true,"href":"https:\/\/goiasemtempo.com.br\/home\/wp-json\/wp\/v2\/tags?post=28480"}],"curies":[{"name":"wp","href":"https:\/\/api.w.org\/{rel}","templated":true}]}}