{"id":28358,"date":"2018-03-18T02:42:05","date_gmt":"2018-03-18T02:42:05","guid":{"rendered":"https:\/\/goiasemtempo.com.br\/home\/?p=28358"},"modified":"2018-03-18T02:42:05","modified_gmt":"2018-03-18T02:42:05","slug":"mulheres-protestam-contra-discriminacao-e-violencia-na-indonesia","status":"publish","type":"post","link":"https:\/\/goiasemtempo.com.br\/home\/mulheres-protestam-contra-discriminacao-e-violencia-na-indonesia\/","title":{"rendered":"Mulheres protestam contra discrimina\u00e7\u00e3o e viol\u00eancia na Indon\u00e9sia"},"content":{"rendered":"<p>Uma manifesta\u00e7\u00e3o formada por 69 organiza\u00e7\u00f5es locais foi realizada nesta quinta-feira em frente ao Parlamento e ao pal\u00e1cio presidencial em Jacarta, na Indon\u00e9sia, para condenar a discrimina\u00e7\u00e3o, a viol\u00eancia e a intoler\u00e2ncia contra as mulheres e as minorias.<\/p>\n<p>Os protestos reuniram centenas de manifestantes por causa do Dia Internacional da Mulher e foram convocados por grupos feministas, de defesa dos direitos humanos, pr\u00f3-LGBT (l\u00e9sbicas, gays, bissexuais e transexuais), federa\u00e7\u00f5es e sindicatos e minorias religiosas, entre outros.<\/p>\n<p>As 69 organiza\u00e7\u00f5es denunciaram que as recentes reformas legislativas, inclusive uma s\u00e9rie de emendas gerais no C\u00f3digo Penal que s\u00e3o debatidas atualmente, amea\u00e7am as liberdades, o acesso a sa\u00fade e educa\u00e7\u00e3o de mulheres e grupos marginalizados.<\/p>\n<p>A reforma do C\u00f3digo Penal em debate contempla penas de at\u00e9 nove anos de pris\u00e3o para as rela\u00e7\u00f5es homossexuais e penaliza atividades como viver juntos sem estarem casados, a educa\u00e7\u00e3o sexual e a distribui\u00e7\u00e3o de anticoncepcionais, segundo um texto vazado em fevereiro.<\/p>\n<p>O Estado deveria revogar imediatamente v\u00e1rios tipos de pol\u00edticas discriminat\u00f3rias e regula\u00e7\u00f5es contra as mulheres, grupos vulner\u00e1veis e os cidad\u00e3os em geral, reivindicaram as ONGs em comunicado.<\/p>\n<p>A Comiss\u00e3o Nacional da Mulher identificou h\u00e1 dois anos 421 pol\u00edticas discriminat\u00f3rias que regulam os corpos das mulheres e marginalizam as mulheres e as l\u00e9sbicas, indica o comunicado das citadas ONG. O coletivo LGBT se tornou o mais amea\u00e7ado na Indon\u00e9sia, segundo os manifestantes.<\/p>\n<p>Outras reivindica\u00e7\u00f5es expostas nesta quinta-feira incluem a implementa\u00e7\u00e3o da educa\u00e7\u00e3o sexual para os adolescentes e o acesso \u00e0 sa\u00fade reprodutiva para as mulheres e grupos que sofrem discrimina\u00e7\u00e3o.<\/p>\n<p>No ambiente de trabalho, s\u00e3o reivindicadas leis que garantam igualdade de oportunidades, assim como a prote\u00e7\u00e3o das emigrantes, principalmente as trabalhadoras dom\u00e9sticas, ap\u00f3s v\u00e1rios casos recentes de abusos por empregadores em lugares como Mal\u00e1sia e Hong Kong.<\/p>\n<p>Cerca de 88% das 260 milh\u00f5es de pessoas que habitam a Indon\u00e9sia praticam uma forma moderada do isl\u00e3, embora ativistas e ONGs denunciem um aumento do fundamentalismo religioso e a sua utiliza\u00e7\u00e3o como ferramenta pol\u00edtica nos \u00faltimos anos.<\/p>\n","protected":false},"excerpt":{"rendered":"<p>Uma manifesta\u00e7\u00e3o formada por 69 organiza\u00e7\u00f5es locais foi realizada nesta quinta-feira em frente ao Parlamento e ao pal\u00e1cio presidencial em Jacarta, na Indon\u00e9sia, para condenar a discrimina\u00e7\u00e3o, a viol\u00eancia e a intoler\u00e2ncia contra as mulheres e as minorias. Os protestos reuniram centenas de manifestantes por causa do Dia Internacional da Mulher e foram convocados por &hellip;<\/p>\n","protected":false},"author":2,"featured_media":26914,"comment_status":"open","ping_status":"open","sticky":false,"template":"","format":"standard","meta":{"footnotes":""},"categories":[4],"tags":[],"class_list":["post-28358","post","type-post","status-publish","format-standard","has-post-thumbnail","hentry","category-ultimas-noticias"],"_links":{"self":[{"href":"https:\/\/goiasemtempo.com.br\/home\/wp-json\/wp\/v2\/posts\/28358","targetHints":{"allow":["GET"]}}],"collection":[{"href":"https:\/\/goiasemtempo.com.br\/home\/wp-json\/wp\/v2\/posts"}],"about":[{"href":"https:\/\/goiasemtempo.com.br\/home\/wp-json\/wp\/v2\/types\/post"}],"author":[{"embeddable":true,"href":"https:\/\/goiasemtempo.com.br\/home\/wp-json\/wp\/v2\/users\/2"}],"replies":[{"embeddable":true,"href":"https:\/\/goiasemtempo.com.br\/home\/wp-json\/wp\/v2\/comments?post=28358"}],"version-history":[{"count":1,"href":"https:\/\/goiasemtempo.com.br\/home\/wp-json\/wp\/v2\/posts\/28358\/revisions"}],"predecessor-version":[{"id":28359,"href":"https:\/\/goiasemtempo.com.br\/home\/wp-json\/wp\/v2\/posts\/28358\/revisions\/28359"}],"wp:featuredmedia":[{"embeddable":true,"href":"https:\/\/goiasemtempo.com.br\/home\/wp-json\/wp\/v2\/media\/26914"}],"wp:attachment":[{"href":"https:\/\/goiasemtempo.com.br\/home\/wp-json\/wp\/v2\/media?parent=28358"}],"wp:term":[{"taxonomy":"category","embeddable":true,"href":"https:\/\/goiasemtempo.com.br\/home\/wp-json\/wp\/v2\/categories?post=28358"},{"taxonomy":"post_tag","embeddable":true,"href":"https:\/\/goiasemtempo.com.br\/home\/wp-json\/wp\/v2\/tags?post=28358"}],"curies":[{"name":"wp","href":"https:\/\/api.w.org\/{rel}","templated":true}]}}