{"id":28227,"date":"2018-03-18T01:50:21","date_gmt":"2018-03-18T01:50:21","guid":{"rendered":"https:\/\/goiasemtempo.com.br\/home\/?p=28227"},"modified":"2018-03-18T01:50:21","modified_gmt":"2018-03-18T01:50:21","slug":"meirelles-brasil-vai-estudar-possivel-negociacao-com-eua-sobre-taxacao-do-aco","status":"publish","type":"post","link":"https:\/\/goiasemtempo.com.br\/home\/meirelles-brasil-vai-estudar-possivel-negociacao-com-eua-sobre-taxacao-do-aco\/","title":{"rendered":"Meirelles: Brasil vai estudar poss\u00edvel negocia\u00e7\u00e3o com EUA sobre taxa\u00e7\u00e3o do a\u00e7o"},"content":{"rendered":"<p>O ministro da Fazenda, Henrique Meirelles, disse hoje (8) que o Brasil vai analisar uma poss\u00edvel negocia\u00e7\u00e3o com os Estados Unidos com rela\u00e7\u00e3o ao aumento da tarifa sobre o a\u00e7o importado, medida assinada nesta quinta-feira pelo presidente Donald Trump.<\/p>\n<p>\u201cO governo assinou isso, vai valer daqui a 15 dias, mas eles est\u00e3o dizendo que est\u00e3o abertos a negocia\u00e7\u00f5es. \u00c9 preciso saber que negocia\u00e7\u00e3o \u00e9 essa, o que eles est\u00e3o querendo negociar. Isso tudo ser\u00e1 analisado do ponto de vista do que o Brasil tem a ganhar ou perder\u201d, disse Meirelles, em Nova York, onde participa de um evento para promover investimentos estrangeiros no Brasil.<\/p>\n<p>Para o ministro, a medida do governo americano \u00e9 negativa para todos os envolvidos. \u201cBeneficia a produ\u00e7\u00e3o de a\u00e7o e preserva os empregos de um grupo de trabalhadores das empresas que produzem a\u00e7o. Mas prejudica, custa emprego para empresas industriais que usam a\u00e7o ou alum\u00ednio e que diminuem a sua competitividade internacional por terem um insumo mais caro\u201d.<\/p>\n<p>O governo brasileiro divulgou nota hoje afirmando que a medida do governo americano vai causar graves preju\u00edzos ao Brasil e ter\u00e1 impactos nas rela\u00e7\u00f5es comerciais e de investimentos entre os dois pa\u00edses.<\/p>\n<p>Boeing<\/p>\n<p>O ministro participou hoje de uma reuni\u00e3o com executivos da norte-americana Boeing, que negocia uma uni\u00e3o com a brasileira Embraer. Segundo o ministro, a companhia fez uma apresenta\u00e7\u00e3o sobre a proposta atual que eles est\u00e3o fazendo \u00e0 Embraer e ao governo brasileiro.<\/p>\n<p>\u201c\u00c9 uma proposta que tem que ser analisada pelo Minist\u00e9rio da Defesa, mas \u00e9 uma decis\u00e3o empresarial, em \u00faltima analise. Mas, do ponto de vista do interesse nacional, \u00e9 importante ouvir\u201d, disse Meirelles.<\/p>\n<p>Segundo o ministro, a empresa manifestou interesse em usar a m\u00e3o-de-obra brasileira, em uma poss\u00edvel fus\u00e3o. \u201cEles dizem que t\u00eam interesse muito grande de usar m\u00e3o-de-obra brasileira, por uma quest\u00e3o de custo e da m\u00e3o-de-obra de alta qualidade da Embraer. Isso \u00e9 uma quest\u00e3o que ser\u00e1 devidamente analisada\u201d. A proposta da Boeing \u00e9 a separa\u00e7\u00e3o de empresa em uma companhia de Defesa e outra empresa de jatos comerciais.<\/p>\n<p>Edi\u00e7\u00e3o: Amanda Cieglinski<\/p>\n","protected":false},"excerpt":{"rendered":"<p>O ministro da Fazenda, Henrique Meirelles, disse hoje (8) que o Brasil vai analisar uma poss\u00edvel negocia\u00e7\u00e3o com os Estados Unidos com rela\u00e7\u00e3o ao aumento da tarifa sobre o a\u00e7o importado, medida assinada nesta quinta-feira pelo presidente Donald Trump. \u201cO governo assinou isso, vai valer daqui a 15 dias, mas eles est\u00e3o dizendo que est\u00e3o &hellip;<\/p>\n","protected":false},"author":2,"featured_media":26842,"comment_status":"open","ping_status":"open","sticky":false,"template":"","format":"standard","meta":{"footnotes":""},"categories":[4],"tags":[],"class_list":["post-28227","post","type-post","status-publish","format-standard","has-post-thumbnail","hentry","category-ultimas-noticias"],"_links":{"self":[{"href":"https:\/\/goiasemtempo.com.br\/home\/wp-json\/wp\/v2\/posts\/28227","targetHints":{"allow":["GET"]}}],"collection":[{"href":"https:\/\/goiasemtempo.com.br\/home\/wp-json\/wp\/v2\/posts"}],"about":[{"href":"https:\/\/goiasemtempo.com.br\/home\/wp-json\/wp\/v2\/types\/post"}],"author":[{"embeddable":true,"href":"https:\/\/goiasemtempo.com.br\/home\/wp-json\/wp\/v2\/users\/2"}],"replies":[{"embeddable":true,"href":"https:\/\/goiasemtempo.com.br\/home\/wp-json\/wp\/v2\/comments?post=28227"}],"version-history":[{"count":1,"href":"https:\/\/goiasemtempo.com.br\/home\/wp-json\/wp\/v2\/posts\/28227\/revisions"}],"predecessor-version":[{"id":28228,"href":"https:\/\/goiasemtempo.com.br\/home\/wp-json\/wp\/v2\/posts\/28227\/revisions\/28228"}],"wp:featuredmedia":[{"embeddable":true,"href":"https:\/\/goiasemtempo.com.br\/home\/wp-json\/wp\/v2\/media\/26842"}],"wp:attachment":[{"href":"https:\/\/goiasemtempo.com.br\/home\/wp-json\/wp\/v2\/media?parent=28227"}],"wp:term":[{"taxonomy":"category","embeddable":true,"href":"https:\/\/goiasemtempo.com.br\/home\/wp-json\/wp\/v2\/categories?post=28227"},{"taxonomy":"post_tag","embeddable":true,"href":"https:\/\/goiasemtempo.com.br\/home\/wp-json\/wp\/v2\/tags?post=28227"}],"curies":[{"name":"wp","href":"https:\/\/api.w.org\/{rel}","templated":true}]}}