{"id":28195,"date":"2018-03-18T01:38:47","date_gmt":"2018-03-18T01:38:47","guid":{"rendered":"https:\/\/goiasemtempo.com.br\/home\/?p=28195"},"modified":"2018-03-18T01:38:47","modified_gmt":"2018-03-18T01:38:47","slug":"dgap-promove-evento-em-presidios-femininos-em-homenagem-ao-dia-internacional-da-mulher","status":"publish","type":"post","link":"https:\/\/goiasemtempo.com.br\/home\/dgap-promove-evento-em-presidios-femininos-em-homenagem-ao-dia-internacional-da-mulher\/","title":{"rendered":"DGAP promove evento em pres\u00eddios femininos em homenagem ao Dia Internacional da Mulher"},"content":{"rendered":"<p>06.03.2018 DGAP promove evento em pres\u00eddios femininos em homenagem ao Dia Internacional da MulherFoto1Em solenidade prestigiada por autoridades dos diversos poderes, foi dado in\u00edcio, na \u00faltima segunda-feira, dia 5, \u00e0s atividades da Semana da Mulher Privada de Liberdade, um evento com extensa programa\u00e7\u00e3o realizado na Penitenci\u00e1ria Feminina Consuelo Nasser e na Ala Feminina da Casa de Pris\u00e3o Provis\u00f3ria, no Complexo Prisional de Aparecida de Goi\u00e2nia, e tamb\u00e9m na Ala Feminina da Penitenci\u00e1ria de Luzi\u00e2nia.<\/p>\n<p>A iniciativa da Diretoria-Geral de Administra\u00e7\u00e3o Penitenci\u00e1ria (DGAP), por meio da Ger\u00eancia da Central de Alternativa \u00e0 Pris\u00e3o (CAP), foi idealizado com o objetivo de oferecer para as mulheres apenadas atividades como cursos profissionalizantes, palestras e atendimento de sa\u00fade. As a\u00e7\u00f5es s\u00e3o em comemora\u00e7\u00e3o ao Dia Internacional da Mulher, celebrado no dia 08 de mar\u00e7o.<\/p>\n<p>Para o diretor-geral adjunto da DGAP, tenente-coronel Agnaldo Augusto da Cruz, o evento vai ao encontro das novas diretrizes da administra\u00e7\u00e3o penitenci\u00e1ria, que \u00e9 dar novas oportunidades aos reeducandos por meio de cursos e empregos. \u201cElas (as presas) t\u00eam v\u00e1rios benef\u00edcios, entre eles a qualifica\u00e7\u00e3o profissional e, principalmente, a inser\u00e7\u00e3o nas discuss\u00f5es que s\u00e3o travadas em rela\u00e7\u00e3o a mulher em toda a sociedade\u201d, pontuou.<\/p>\n<p>O diretor tamb\u00e9m ressaltou a import\u00e2ncia das parcerias para a melhoria do sistema. \u201cQue todos n\u00f3s tenhamos nesta semana uma oportunidade de reflex\u00e3o, e que tudo o que constru\u00edmos seja edificado de forma firme para n\u00e3o haver descontinuidade\u201d, acrescentou ao agradecer aos parceiros pela colabora\u00e7\u00e3o.<\/p>\n<p>Augusto ainda acrescentou que o apoio dos parceiros tem sido fundamental para a melhoria do sistema. \u201cSe todos n\u00f3s contribuirmos, a melhoria ser\u00e1 para toda a sociedade. Os desafios do sistema s\u00e3o enormes, as solu\u00e7\u00f5es n\u00e3o s\u00e3o f\u00e1ceis, mas elas precisam ser perseguidas o tempo todo\u201d, enfatizou.<br \/>\nPara a coordenadora do Centro de Apoio dos Direitos Humanos do Minist\u00e9rio P\u00fablico, promotora Patr\u00edcia Otoni, as a\u00e7\u00f5es apresentadas \u201cvisam a melhoria do sistema\u201d. Ela acrescentou que trata-se tamb\u00e9m de uma ferramenta de reintegra\u00e7\u00e3o social, al\u00e9m de oportunidade para esclarecer \u00e0s mulheres sobre os seus direitos.<\/p>\n<p>Uma das reeducandas presentes, condenada h\u00e1 12 anos de pris\u00e3o e beneficiada com o curso de biojoias, acredita que ter um emprego \u00e9 a oportunidade de sair do pres\u00eddio com uma op\u00e7\u00e3o de mudan\u00e7a de vida. \u201cOcupa a nossa mente e a nossa senten\u00e7a acaba ficando mais razo\u00e1vel\u201d, afirma.<\/p>\n<p>Durante cinco dias, as presas ter\u00e3o palestras sobre o combate \u00e0 viol\u00eancia dom\u00e9stica e familiar,  sa\u00fade da mulher, direitos das mulheres e preven\u00e7\u00e3o; al\u00e9m de cursos, atividades de intera\u00e7\u00e3o e realiza\u00e7\u00e3o de exames. O 2\u00ba Desfile Miss Liberdade, na pr\u00f3xima sexta-feira, na Penitenci\u00e1ria Feminina Consuelo Nasser, encerra as atividades em comemora\u00e7\u00e3o \u00e0 data.<\/p>\n<p>Participaram tamb\u00e9m da solenidade a ju\u00edza da Vara de Execu\u00e7\u00f5es Penais, Telma Aparecida Alves, o promotor Marcelo Celestino, al\u00e9m de representantes das secretarias Estadual e Municipal de Sa\u00fade e do Servi\u00e7o Nacional de Aprendizagem Rural (Senar).<\/p>\n<p>Comunica\u00e7\u00e3o Setorial Diretoria-Geral de Administra\u00e7\u00e3o Penitenci\u00e1ria (DGAP)<\/p>\n","protected":false},"excerpt":{"rendered":"<p>06.03.2018 DGAP promove evento em pres\u00eddios femininos em homenagem ao Dia Internacional da MulherFoto1Em solenidade prestigiada por autoridades dos diversos poderes, foi dado in\u00edcio, na \u00faltima segunda-feira, dia 5, \u00e0s atividades da Semana da Mulher Privada de Liberdade, um evento com extensa programa\u00e7\u00e3o realizado na Penitenci\u00e1ria Feminina Consuelo Nasser e na Ala Feminina da Casa &hellip;<\/p>\n","protected":false},"author":2,"featured_media":26826,"comment_status":"open","ping_status":"open","sticky":false,"template":"","format":"standard","meta":{"footnotes":""},"categories":[4],"tags":[],"class_list":["post-28195","post","type-post","status-publish","format-standard","has-post-thumbnail","hentry","category-ultimas-noticias"],"_links":{"self":[{"href":"https:\/\/goiasemtempo.com.br\/home\/wp-json\/wp\/v2\/posts\/28195","targetHints":{"allow":["GET"]}}],"collection":[{"href":"https:\/\/goiasemtempo.com.br\/home\/wp-json\/wp\/v2\/posts"}],"about":[{"href":"https:\/\/goiasemtempo.com.br\/home\/wp-json\/wp\/v2\/types\/post"}],"author":[{"embeddable":true,"href":"https:\/\/goiasemtempo.com.br\/home\/wp-json\/wp\/v2\/users\/2"}],"replies":[{"embeddable":true,"href":"https:\/\/goiasemtempo.com.br\/home\/wp-json\/wp\/v2\/comments?post=28195"}],"version-history":[{"count":1,"href":"https:\/\/goiasemtempo.com.br\/home\/wp-json\/wp\/v2\/posts\/28195\/revisions"}],"predecessor-version":[{"id":28196,"href":"https:\/\/goiasemtempo.com.br\/home\/wp-json\/wp\/v2\/posts\/28195\/revisions\/28196"}],"wp:featuredmedia":[{"embeddable":true,"href":"https:\/\/goiasemtempo.com.br\/home\/wp-json\/wp\/v2\/media\/26826"}],"wp:attachment":[{"href":"https:\/\/goiasemtempo.com.br\/home\/wp-json\/wp\/v2\/media?parent=28195"}],"wp:term":[{"taxonomy":"category","embeddable":true,"href":"https:\/\/goiasemtempo.com.br\/home\/wp-json\/wp\/v2\/categories?post=28195"},{"taxonomy":"post_tag","embeddable":true,"href":"https:\/\/goiasemtempo.com.br\/home\/wp-json\/wp\/v2\/tags?post=28195"}],"curies":[{"name":"wp","href":"https:\/\/api.w.org\/{rel}","templated":true}]}}