{"id":2818,"date":"2017-12-23T04:51:11","date_gmt":"2017-12-23T04:51:11","guid":{"rendered":"http:\/\/goiasemtempo.com.br\/home\/?p=2818"},"modified":"2017-12-23T04:51:11","modified_gmt":"2017-12-23T04:51:11","slug":"vida-parou-na-regiao-birmanesa-dos-rohinyas-alerta-cruz-vermelha","status":"publish","type":"post","link":"https:\/\/goiasemtempo.com.br\/home\/vida-parou-na-regiao-birmanesa-dos-rohinyas-alerta-cruz-vermelha\/","title":{"rendered":"Vida parou na regi\u00e3o birmanesa dos rohinyas, alerta Cruz Vermelha"},"content":{"rendered":"<p>Os mu\u00e7ulmanos rohinyas e os budistas que vivem no estado de Rakhine sentem tanto medo uns dos outros que a vida praticamente parou nesta regi\u00e3o do oeste de Mianmar, contou nesta quarta-feira (13) um encarregado da Cruz Vermelha.<\/p>\n<p>Mais de 620.000 pessoas que pertencem a esta minoria mu\u00e7ulmana fugiram para o vizinho Bangladesh, desde o lan\u00e7amento, no fim de agosto, de uma campanha de repress\u00e3o do ex\u00e9rcito birman\u00eas contra os rebeldes rohinyas no norte do estado de Rakhine.<\/p>\n<p>A Cruz Vermelha, atualmente a \u00fanica organiza\u00e7\u00e3o de ajuda internacional com acesso a esta regi\u00e3o, calcula que restem apenas 300.000 rohinyas na regi\u00e3o.<\/p>\n<p>Dominik Stillhart, diretor de Opera\u00e7\u00f5es do Comit\u00ea Internacional da Cruz Vermelha (CICV), destacou, no entanto, que esta cifra deveria ser tomada com muita precau\u00e7\u00e3o, pois n\u00e3o p\u00f4de ser realizado at\u00e9 o momento um censo preciso.<\/p>\n<p>Durante coletiva de imprensa, em Genebra, ao final de uma visita de tr\u00eas dias, Stillhart declarou que a situa\u00e7\u00e3o no estado de Rakhine parecia ter se estabilizado, apesar de alguns incidentes.<\/p>\n<p>As pessoas continuam fugindo, a um ritmo de 300 pessoas por dia, acrescentou.<\/p>\n<p>Stillhart disse se sentir surpreendido pela pouca gente nas estradas, nos mercados e nos campos.<\/p>\n<p>A vida parou bruscamente (&#8230;) N\u00e3o tem quase ningu\u00e9m do lado de fora, declarou, destacando que os rohinyas, mas tamb\u00e9m os budistas nos povoados vizinhos parecem sentir medo.<\/p>\n<p>A ONU acusou as autoridades birmanesas de realizar uma limpeza \u00e9tnica contra os rohinyas. Sem querer comentar esta acusa\u00e7\u00e3o, Stillhart declarou que tinha visto pessoalmente v\u00e1rios povoados incendiados.<\/p>\n<p>Igualmente relatou que a regi\u00e3o n\u00e3o estava muito familiarizada e que n\u00e3o tinha aparentemente nenhum controle nos deslocamentos da popula\u00e7\u00e3o.<\/p>\n<p>Parece que s\u00e3o os moradores que limitam seus pr\u00f3prios movimentos, afirmou.<\/p>\n","protected":false},"excerpt":{"rendered":"<p>Os mu\u00e7ulmanos rohinyas e os budistas que vivem no estado de Rakhine sentem tanto medo uns dos outros que a vida praticamente parou nesta regi\u00e3o do oeste de Mianmar, contou nesta quarta-feira (13) um encarregado da Cruz Vermelha. Mais de 620.000 pessoas que pertencem a esta minoria mu\u00e7ulmana fugiram para o vizinho Bangladesh, desde o &hellip;<\/p>\n","protected":false},"author":2,"featured_media":1891,"comment_status":"open","ping_status":"open","sticky":false,"template":"","format":"standard","meta":{"_exactmetrics_skip_tracking":false,"_exactmetrics_sitenote_active":false,"_exactmetrics_sitenote_note":"","_exactmetrics_sitenote_category":0,"footnotes":""},"categories":[4],"tags":[],"_links":{"self":[{"href":"https:\/\/goiasemtempo.com.br\/home\/wp-json\/wp\/v2\/posts\/2818"}],"collection":[{"href":"https:\/\/goiasemtempo.com.br\/home\/wp-json\/wp\/v2\/posts"}],"about":[{"href":"https:\/\/goiasemtempo.com.br\/home\/wp-json\/wp\/v2\/types\/post"}],"author":[{"embeddable":true,"href":"https:\/\/goiasemtempo.com.br\/home\/wp-json\/wp\/v2\/users\/2"}],"replies":[{"embeddable":true,"href":"https:\/\/goiasemtempo.com.br\/home\/wp-json\/wp\/v2\/comments?post=2818"}],"version-history":[{"count":1,"href":"https:\/\/goiasemtempo.com.br\/home\/wp-json\/wp\/v2\/posts\/2818\/revisions"}],"predecessor-version":[{"id":2819,"href":"https:\/\/goiasemtempo.com.br\/home\/wp-json\/wp\/v2\/posts\/2818\/revisions\/2819"}],"wp:featuredmedia":[{"embeddable":true,"href":"https:\/\/goiasemtempo.com.br\/home\/wp-json\/wp\/v2\/media\/1891"}],"wp:attachment":[{"href":"https:\/\/goiasemtempo.com.br\/home\/wp-json\/wp\/v2\/media?parent=2818"}],"wp:term":[{"taxonomy":"category","embeddable":true,"href":"https:\/\/goiasemtempo.com.br\/home\/wp-json\/wp\/v2\/categories?post=2818"},{"taxonomy":"post_tag","embeddable":true,"href":"https:\/\/goiasemtempo.com.br\/home\/wp-json\/wp\/v2\/tags?post=2818"}],"curies":[{"name":"wp","href":"https:\/\/api.w.org\/{rel}","templated":true}]}}