{"id":28165,"date":"2018-03-18T01:27:55","date_gmt":"2018-03-18T01:27:55","guid":{"rendered":"https:\/\/goiasemtempo.com.br\/home\/?p=28165"},"modified":"2018-03-18T01:27:55","modified_gmt":"2018-03-18T01:27:55","slug":"ociosidade-da-industria-cai-para-219-em-janeiro-o-menor-desde-julho-de-2015","status":"publish","type":"post","link":"https:\/\/goiasemtempo.com.br\/home\/ociosidade-da-industria-cai-para-219-em-janeiro-o-menor-desde-julho-de-2015\/","title":{"rendered":"Ociosidade da ind\u00fastria cai para 21,9% em janeiro, o menor desde julho de 2015"},"content":{"rendered":"<p>O n\u00edvel de utiliza\u00e7\u00e3o da capacidade instalada da ind\u00fastria de transforma\u00e7\u00e3o chegou a 78,1% em janeiro. Com isso, a ociosidade do setor caiu para 21,9%, o menor desde julho de 2015, informou a Confedera\u00e7\u00e3o Nacional da Ind\u00fastria (CNI), nos Indicadores Industriais, divulgados hoje (5).<\/p>\n<p>O faturamento da ind\u00fastria ficou est\u00e1vel, com leve queda de 0,1% em janeiro em rela\u00e7\u00e3o a dezembro na s\u00e9rie dessazonalizada. Na compara\u00e7\u00e3o com janeiro de 2016, subiu 7,7%. As horas trabalhadas na produ\u00e7\u00e3o aumentaram 0,4% em janeiro frente a dezembro, na s\u00e9rie livre de influ\u00eancias sazonais. Foi o terceiro m\u00eas consecutivo de alta do indicador. Na compara\u00e7\u00e3o com janeiro de 2017, as horas trabalhadas na produ\u00e7\u00e3o cresceram 1,1%.<\/p>\n<p>A pesquisa informa ainda que, depois de dois meses consecutivos de queda, a massa real de sal\u00e1rios (descontada a infla\u00e7\u00e3o) e o rendimento m\u00e9dio real dos trabalhadores aumentaram em janeiro. A massa real de sal\u00e1rios subiu 0,5% e o rendimento m\u00e9dio real dos trabalhadores cresceu 0,2% na compara\u00e7\u00e3o com dezembro, na s\u00e9rie de dados dessazonalizados. No mesmo per\u00edodo, o emprego caiu 0,5%. Segundo a CNI, \u00e9 o recuo mais intenso desde setembro de 2016, mas a expectativa \u00e9 que o resultado se reversa nos pr\u00f3ximos meses.<\/p>\n<p>Edi\u00e7\u00e3o: Fernando Fraga<\/p>\n","protected":false},"excerpt":{"rendered":"<p>O n\u00edvel de utiliza\u00e7\u00e3o da capacidade instalada da ind\u00fastria de transforma\u00e7\u00e3o chegou a 78,1% em janeiro. Com isso, a ociosidade do setor caiu para 21,9%, o menor desde julho de 2015, informou a Confedera\u00e7\u00e3o Nacional da Ind\u00fastria (CNI), nos Indicadores Industriais, divulgados hoje (5). O faturamento da ind\u00fastria ficou est\u00e1vel, com leve queda de 0,1% &hellip;<\/p>\n","protected":false},"author":2,"featured_media":26811,"comment_status":"open","ping_status":"open","sticky":false,"template":"","format":"standard","meta":{"footnotes":""},"categories":[4],"tags":[],"class_list":["post-28165","post","type-post","status-publish","format-standard","has-post-thumbnail","hentry","category-ultimas-noticias"],"_links":{"self":[{"href":"https:\/\/goiasemtempo.com.br\/home\/wp-json\/wp\/v2\/posts\/28165","targetHints":{"allow":["GET"]}}],"collection":[{"href":"https:\/\/goiasemtempo.com.br\/home\/wp-json\/wp\/v2\/posts"}],"about":[{"href":"https:\/\/goiasemtempo.com.br\/home\/wp-json\/wp\/v2\/types\/post"}],"author":[{"embeddable":true,"href":"https:\/\/goiasemtempo.com.br\/home\/wp-json\/wp\/v2\/users\/2"}],"replies":[{"embeddable":true,"href":"https:\/\/goiasemtempo.com.br\/home\/wp-json\/wp\/v2\/comments?post=28165"}],"version-history":[{"count":1,"href":"https:\/\/goiasemtempo.com.br\/home\/wp-json\/wp\/v2\/posts\/28165\/revisions"}],"predecessor-version":[{"id":28166,"href":"https:\/\/goiasemtempo.com.br\/home\/wp-json\/wp\/v2\/posts\/28165\/revisions\/28166"}],"wp:featuredmedia":[{"embeddable":true,"href":"https:\/\/goiasemtempo.com.br\/home\/wp-json\/wp\/v2\/media\/26811"}],"wp:attachment":[{"href":"https:\/\/goiasemtempo.com.br\/home\/wp-json\/wp\/v2\/media?parent=28165"}],"wp:term":[{"taxonomy":"category","embeddable":true,"href":"https:\/\/goiasemtempo.com.br\/home\/wp-json\/wp\/v2\/categories?post=28165"},{"taxonomy":"post_tag","embeddable":true,"href":"https:\/\/goiasemtempo.com.br\/home\/wp-json\/wp\/v2\/tags?post=28165"}],"curies":[{"name":"wp","href":"https:\/\/api.w.org\/{rel}","templated":true}]}}