{"id":28063,"date":"2018-03-18T00:50:59","date_gmt":"2018-03-18T00:50:59","guid":{"rendered":"https:\/\/goiasemtempo.com.br\/home\/?p=28063"},"modified":"2018-03-18T00:50:59","modified_gmt":"2018-03-18T00:50:59","slug":"pentagono-reconhece-pausa-operacional-na-siria","status":"publish","type":"post","link":"https:\/\/goiasemtempo.com.br\/home\/pentagono-reconhece-pausa-operacional-na-siria\/","title":{"rendered":"Pent\u00e1gono reconhece pausa operacional na S\u00edria"},"content":{"rendered":"<p>A partida de parte dos combatentes curdos aliados dos Estados Unidos na S\u00edria para o enclave de Afrin, alvo de uma ofensiva da Turquia, provocou uma pausa nas opera\u00e7\u00f5es contra o grupo jihadista Estado Isl\u00e2mico (EI), reconheceu o Pent\u00e1gono nesta segunda-feira.<\/p>\n<p>A alian\u00e7a curdo-\u00e1rabe das For\u00e7as Democr\u00e1ticas da S\u00edria (FDS) se enfraqueceu em raz\u00e3o das opera\u00e7\u00f5es turcas contra a regi\u00e3o de Afrin e a decis\u00e3o de numerosos combatentes da fac\u00e7\u00e3o curda &#8211; as Unidades de Prote\u00e7\u00e3o do Povo (YPG) &#8211; de priorizar a luta contra a Turquia sobre o combate ao EI.<\/p>\n<p>O territ\u00f3rio controlado pelo EI no leste da S\u00edria foi quase totalmente recuperado, mas alguns combatentes do Estado Isl\u00e2mico permanecem no Vale do Eufrates, na regi\u00e3o da fronteira com o Iraque.<\/p>\n<p>As pausas operacionais ocorrem regularmente por diversas raz\u00f5es, declarou o coronel Rob Manning, porta-voz do departamento de Defesa.<\/p>\n<p>A natureza da nossa miss\u00e3o na S\u00edria n\u00e3o mudou. Esta pausa operacional n\u00e3o nos desviar\u00e1 do nosso objetivo principal, o EI.<\/p>\n<p>O chefe do Comando Central dos Estados Unidos (Centcom), general Joe Votel, advertiu ao Congresso na semana passada que Washington e Ancara t\u00eam interesses divergentes na regi\u00e3o. Nossa preocupa\u00e7\u00e3o \u00e9, logicamente, que esta atividade em Afrin nos desvie dos nossos esfor\u00e7os contra o EI.<\/p>\n<p>A Turquia lan\u00e7ou em 20 de janeiro uma ofensiva a\u00e9rea e terrestre para tomar Afrin das YPG, que consideram um grupo terrorista e uma amea\u00e7a a seu territ\u00f3rio.<\/p>\n","protected":false},"excerpt":{"rendered":"<p>A partida de parte dos combatentes curdos aliados dos Estados Unidos na S\u00edria para o enclave de Afrin, alvo de uma ofensiva da Turquia, provocou uma pausa nas opera\u00e7\u00f5es contra o grupo jihadista Estado Isl\u00e2mico (EI), reconheceu o Pent\u00e1gono nesta segunda-feira. A alian\u00e7a curdo-\u00e1rabe das For\u00e7as Democr\u00e1ticas da S\u00edria (FDS) se enfraqueceu em raz\u00e3o das &hellip;<\/p>\n","protected":false},"author":2,"featured_media":26760,"comment_status":"open","ping_status":"open","sticky":false,"template":"","format":"standard","meta":{"footnotes":""},"categories":[4],"tags":[],"class_list":["post-28063","post","type-post","status-publish","format-standard","has-post-thumbnail","hentry","category-ultimas-noticias"],"_links":{"self":[{"href":"https:\/\/goiasemtempo.com.br\/home\/wp-json\/wp\/v2\/posts\/28063","targetHints":{"allow":["GET"]}}],"collection":[{"href":"https:\/\/goiasemtempo.com.br\/home\/wp-json\/wp\/v2\/posts"}],"about":[{"href":"https:\/\/goiasemtempo.com.br\/home\/wp-json\/wp\/v2\/types\/post"}],"author":[{"embeddable":true,"href":"https:\/\/goiasemtempo.com.br\/home\/wp-json\/wp\/v2\/users\/2"}],"replies":[{"embeddable":true,"href":"https:\/\/goiasemtempo.com.br\/home\/wp-json\/wp\/v2\/comments?post=28063"}],"version-history":[{"count":1,"href":"https:\/\/goiasemtempo.com.br\/home\/wp-json\/wp\/v2\/posts\/28063\/revisions"}],"predecessor-version":[{"id":28064,"href":"https:\/\/goiasemtempo.com.br\/home\/wp-json\/wp\/v2\/posts\/28063\/revisions\/28064"}],"wp:featuredmedia":[{"embeddable":true,"href":"https:\/\/goiasemtempo.com.br\/home\/wp-json\/wp\/v2\/media\/26760"}],"wp:attachment":[{"href":"https:\/\/goiasemtempo.com.br\/home\/wp-json\/wp\/v2\/media?parent=28063"}],"wp:term":[{"taxonomy":"category","embeddable":true,"href":"https:\/\/goiasemtempo.com.br\/home\/wp-json\/wp\/v2\/categories?post=28063"},{"taxonomy":"post_tag","embeddable":true,"href":"https:\/\/goiasemtempo.com.br\/home\/wp-json\/wp\/v2\/tags?post=28063"}],"curies":[{"name":"wp","href":"https:\/\/api.w.org\/{rel}","templated":true}]}}