{"id":27998,"date":"2018-03-18T00:26:29","date_gmt":"2018-03-18T00:26:29","guid":{"rendered":"https:\/\/goiasemtempo.com.br\/home\/?p=27998"},"modified":"2018-03-18T00:26:29","modified_gmt":"2018-03-18T00:26:29","slug":"palestino-e-morto-por-soldados-israelense-em-gaza","status":"publish","type":"post","link":"https:\/\/goiasemtempo.com.br\/home\/palestino-e-morto-por-soldados-israelense-em-gaza\/","title":{"rendered":"Palestino \u00e9 morto por soldados israelense em Gaza"},"content":{"rendered":"<p>Um fazendeiro palestino foi morto neste s\u00e1bado por tiros de soldados israelenses perto de Khan Yunes, no sul da Faixa de Gaza, disse o Minist\u00e9rio da Sa\u00fade do Hamas, o movimento que dirige o encrave.<\/p>\n<p>O homem, Mohamed Abu Yuma, tinha 59 anos, de acordo com a mesma fonte. Uma porta-voz do ex\u00e9rcito israelense disse \u00e0 AFP que soldados abriram fogo contra um palestino que entrou em uma zona proibida, perto da barreira de seguran\u00e7a entre Gaza e territ\u00f3rio israelense, sem dar mais detalhes.<\/p>\n<p>Os palestinos muitas vezes fazem manifesta\u00e7\u00f5es perto da barreira de seguran\u00e7a para denunciar o bloqueio imposto por Israel em torno da Faixa de Gaza.<\/p>\n<p>O encrave, enfraquecido pelo conflito, pobreza, crise econ\u00f4mica, desemprego e escassez de \u00e1gua e eletricidade, foi o cen\u00e1rio de tr\u00eas guerras entre Israel e grupos armados palestinos desde 2008.<\/p>\n","protected":false},"excerpt":{"rendered":"<p>Um fazendeiro palestino foi morto neste s\u00e1bado por tiros de soldados israelenses perto de Khan Yunes, no sul da Faixa de Gaza, disse o Minist\u00e9rio da Sa\u00fade do Hamas, o movimento que dirige o encrave. O homem, Mohamed Abu Yuma, tinha 59 anos, de acordo com a mesma fonte. Uma porta-voz do ex\u00e9rcito israelense disse &hellip;<\/p>\n","protected":false},"author":2,"featured_media":26725,"comment_status":"open","ping_status":"open","sticky":false,"template":"","format":"standard","meta":{"footnotes":""},"categories":[4],"tags":[],"class_list":["post-27998","post","type-post","status-publish","format-standard","has-post-thumbnail","hentry","category-ultimas-noticias"],"_links":{"self":[{"href":"https:\/\/goiasemtempo.com.br\/home\/wp-json\/wp\/v2\/posts\/27998","targetHints":{"allow":["GET"]}}],"collection":[{"href":"https:\/\/goiasemtempo.com.br\/home\/wp-json\/wp\/v2\/posts"}],"about":[{"href":"https:\/\/goiasemtempo.com.br\/home\/wp-json\/wp\/v2\/types\/post"}],"author":[{"embeddable":true,"href":"https:\/\/goiasemtempo.com.br\/home\/wp-json\/wp\/v2\/users\/2"}],"replies":[{"embeddable":true,"href":"https:\/\/goiasemtempo.com.br\/home\/wp-json\/wp\/v2\/comments?post=27998"}],"version-history":[{"count":1,"href":"https:\/\/goiasemtempo.com.br\/home\/wp-json\/wp\/v2\/posts\/27998\/revisions"}],"predecessor-version":[{"id":27999,"href":"https:\/\/goiasemtempo.com.br\/home\/wp-json\/wp\/v2\/posts\/27998\/revisions\/27999"}],"wp:featuredmedia":[{"embeddable":true,"href":"https:\/\/goiasemtempo.com.br\/home\/wp-json\/wp\/v2\/media\/26725"}],"wp:attachment":[{"href":"https:\/\/goiasemtempo.com.br\/home\/wp-json\/wp\/v2\/media?parent=27998"}],"wp:term":[{"taxonomy":"category","embeddable":true,"href":"https:\/\/goiasemtempo.com.br\/home\/wp-json\/wp\/v2\/categories?post=27998"},{"taxonomy":"post_tag","embeddable":true,"href":"https:\/\/goiasemtempo.com.br\/home\/wp-json\/wp\/v2\/tags?post=27998"}],"curies":[{"name":"wp","href":"https:\/\/api.w.org\/{rel}","templated":true}]}}