{"id":27942,"date":"2018-03-18T00:06:11","date_gmt":"2018-03-18T00:06:11","guid":{"rendered":"https:\/\/goiasemtempo.com.br\/home\/?p=27942"},"modified":"2018-03-18T00:06:11","modified_gmt":"2018-03-18T00:06:11","slug":"operacao-das-forcas-armadas-na-vila-kennedy-termina-com-cinco-presos","status":"publish","type":"post","link":"https:\/\/goiasemtempo.com.br\/home\/operacao-das-forcas-armadas-na-vila-kennedy-termina-com-cinco-presos\/","title":{"rendered":"Opera\u00e7\u00e3o das For\u00e7as Armadas na Vila Kennedy termina com cinco presos"},"content":{"rendered":"<p>Uma opera\u00e7\u00e3o das For\u00e7as Armadas realizada hoje (3) na comunidade da Vila Kennedy, na zona oeste da cidade do Rio de Janeiro, terminou com cinco presos. De acordo com o Comando Militar do Leste (CML), houve o cumprimento de um mandado de pris\u00e3o e a pris\u00e3o de quatro pessoas em flagrante. Dos flagrantes, um foi desacato, outro foi desobedi\u00eancia e dois por posse de drogas.<\/p>\n<p>Tamb\u00e9m foram apreendidos 12 cartuchos de 9 mm, dez carros e seis motos. Mais de 700 pessoas foram revistadas, bem como 617 ve\u00edculos.<\/p>\n<p>Os militares tamb\u00e9m retiraram 16 barricadas colocadas por criminosos, cujo objetivo era impedir o tr\u00e2nsito no interior da comunidade. Ao todo, participaram da a\u00e7\u00e3o cerca de 1.400 militares.<\/p>\n<p>Edi\u00e7\u00e3o: Val\u00e9ria Aguiar<\/p>\n","protected":false},"excerpt":{"rendered":"<p>Uma opera\u00e7\u00e3o das For\u00e7as Armadas realizada hoje (3) na comunidade da Vila Kennedy, na zona oeste da cidade do Rio de Janeiro, terminou com cinco presos. De acordo com o Comando Militar do Leste (CML), houve o cumprimento de um mandado de pris\u00e3o e a pris\u00e3o de quatro pessoas em flagrante. Dos flagrantes, um foi &hellip;<\/p>\n","protected":false},"author":2,"featured_media":26697,"comment_status":"open","ping_status":"open","sticky":false,"template":"","format":"standard","meta":{"footnotes":""},"categories":[4],"tags":[],"class_list":["post-27942","post","type-post","status-publish","format-standard","has-post-thumbnail","hentry","category-ultimas-noticias"],"_links":{"self":[{"href":"https:\/\/goiasemtempo.com.br\/home\/wp-json\/wp\/v2\/posts\/27942","targetHints":{"allow":["GET"]}}],"collection":[{"href":"https:\/\/goiasemtempo.com.br\/home\/wp-json\/wp\/v2\/posts"}],"about":[{"href":"https:\/\/goiasemtempo.com.br\/home\/wp-json\/wp\/v2\/types\/post"}],"author":[{"embeddable":true,"href":"https:\/\/goiasemtempo.com.br\/home\/wp-json\/wp\/v2\/users\/2"}],"replies":[{"embeddable":true,"href":"https:\/\/goiasemtempo.com.br\/home\/wp-json\/wp\/v2\/comments?post=27942"}],"version-history":[{"count":1,"href":"https:\/\/goiasemtempo.com.br\/home\/wp-json\/wp\/v2\/posts\/27942\/revisions"}],"predecessor-version":[{"id":27943,"href":"https:\/\/goiasemtempo.com.br\/home\/wp-json\/wp\/v2\/posts\/27942\/revisions\/27943"}],"wp:featuredmedia":[{"embeddable":true,"href":"https:\/\/goiasemtempo.com.br\/home\/wp-json\/wp\/v2\/media\/26697"}],"wp:attachment":[{"href":"https:\/\/goiasemtempo.com.br\/home\/wp-json\/wp\/v2\/media?parent=27942"}],"wp:term":[{"taxonomy":"category","embeddable":true,"href":"https:\/\/goiasemtempo.com.br\/home\/wp-json\/wp\/v2\/categories?post=27942"},{"taxonomy":"post_tag","embeddable":true,"href":"https:\/\/goiasemtempo.com.br\/home\/wp-json\/wp\/v2\/tags?post=27942"}],"curies":[{"name":"wp","href":"https:\/\/api.w.org\/{rel}","templated":true}]}}