{"id":27868,"date":"2018-03-17T23:39:24","date_gmt":"2018-03-17T23:39:24","guid":{"rendered":"https:\/\/goiasemtempo.com.br\/home\/?p=27868"},"modified":"2018-03-17T23:39:24","modified_gmt":"2018-03-17T23:39:24","slug":"vendas-do-comercio-paulistano-crescem-58-em-fevereiro","status":"publish","type":"post","link":"https:\/\/goiasemtempo.com.br\/home\/vendas-do-comercio-paulistano-crescem-58-em-fevereiro\/","title":{"rendered":"Vendas do com\u00e9rcio paulistano crescem 5,8% em fevereiro"},"content":{"rendered":"<p>O movimento de vendas do varejo paulistano chegou ao d\u00e9cimo m\u00eas consecutivo de recupera\u00e7\u00e3o ao crescer 5,8% em fevereiro, na compara\u00e7\u00e3o com fevereiro de 2017. As vendas a prazo subiram 7,5% e \u00e0 vista o aumento foi de 4%, indicou levantamento da Associa\u00e7\u00e3o Comercial de S\u00e3o Paulo (ACSP). Este foi o melhor fevereiro desde 2014, quando a alta nas vendas havia sido de 8,6%.<\/p>\n<p>Segundo o presidente da ACSP, Alencar Burti, o bom desempenho do varejo paulistano no segundo m\u00eas do ano ocorreu pela base fraca de compara\u00e7\u00e3o e tamb\u00e9m pela melhora do cen\u00e1rio macroecon\u00f4mico.<\/p>\n<p>Segundo o presidente da ACSP, Alencar Burti, o bom desempenho do varejo paulistano no segundo m\u00eas do ano ocorreu pela base fraca de compara\u00e7\u00e3o e tamb\u00e9m pela melhora do cen\u00e1rio macroecon\u00f4mico.<\/p>\n<p>\u201cO carnaval deste ano ajudou as vendas, mas a grande explica\u00e7\u00e3o est\u00e1 nas fortes quedas que ocorreram nos dois \u00faltimos anos e nos fatores macroecon\u00f4micos. Com juros menores, prazos mais longos e maior renda das fam\u00edlias, o com\u00e9rcio tem um caminho mais favor\u00e1vel para crescer. O varejo est\u00e1 em franca recupera\u00e7\u00e3o\u201d, disse.<\/p>\n<p>Os dados mostram que &#8211; na compara\u00e7\u00e3o com janeiro &#8211; as vendas tiveram queda de 6,2%, com -5,7% nas vendas \u00e0 vista e -6,6% nas vendas a prazo. Segundo a ACSP, o recuo \u00e9 sazonal.<\/p>\n<p>Na compara\u00e7\u00e3o com janeiro deste ano, o movimento de vendas de fevereiro na capital apresentou queda m\u00e9dia de 6,2% (-5,7% \u00e0 vista e -6,6% a prazo). O recuo neste m\u00eas \u00e9 meramente sazonal, por janeiro ser um m\u00eas t\u00edpico de promo\u00e7\u00f5es e liquida\u00e7\u00f5es nas lojas, al\u00e9m de janeiro ter tr\u00eas dias \u00fateis a mais do que em fevereiro.<\/p>\n<p>\u201cContudo, \u00e9 importante notar que o carnaval de rua vem crescendo em S\u00e3o Paulo, tornando-se uma da data comercial forte. H\u00e1 claramente um est\u00edmulo, antes quase inexistente, no com\u00e9rcio de bebidas, roupas e adere\u00e7os nessa \u00e9poca do ano\u201d, analisou Burti.<\/p>\n<p>Edi\u00e7\u00e3o: Kleber Sampaio<\/p>\n","protected":false},"excerpt":{"rendered":"<p>O movimento de vendas do varejo paulistano chegou ao d\u00e9cimo m\u00eas consecutivo de recupera\u00e7\u00e3o ao crescer 5,8% em fevereiro, na compara\u00e7\u00e3o com fevereiro de 2017. As vendas a prazo subiram 7,5% e \u00e0 vista o aumento foi de 4%, indicou levantamento da Associa\u00e7\u00e3o Comercial de S\u00e3o Paulo (ACSP). Este foi o melhor fevereiro desde 2014, &hellip;<\/p>\n","protected":false},"author":2,"featured_media":26660,"comment_status":"open","ping_status":"open","sticky":false,"template":"","format":"standard","meta":{"_exactmetrics_skip_tracking":false,"_exactmetrics_sitenote_active":false,"_exactmetrics_sitenote_note":"","_exactmetrics_sitenote_category":0,"footnotes":""},"categories":[4],"tags":[],"_links":{"self":[{"href":"https:\/\/goiasemtempo.com.br\/home\/wp-json\/wp\/v2\/posts\/27868"}],"collection":[{"href":"https:\/\/goiasemtempo.com.br\/home\/wp-json\/wp\/v2\/posts"}],"about":[{"href":"https:\/\/goiasemtempo.com.br\/home\/wp-json\/wp\/v2\/types\/post"}],"author":[{"embeddable":true,"href":"https:\/\/goiasemtempo.com.br\/home\/wp-json\/wp\/v2\/users\/2"}],"replies":[{"embeddable":true,"href":"https:\/\/goiasemtempo.com.br\/home\/wp-json\/wp\/v2\/comments?post=27868"}],"version-history":[{"count":1,"href":"https:\/\/goiasemtempo.com.br\/home\/wp-json\/wp\/v2\/posts\/27868\/revisions"}],"predecessor-version":[{"id":27869,"href":"https:\/\/goiasemtempo.com.br\/home\/wp-json\/wp\/v2\/posts\/27868\/revisions\/27869"}],"wp:featuredmedia":[{"embeddable":true,"href":"https:\/\/goiasemtempo.com.br\/home\/wp-json\/wp\/v2\/media\/26660"}],"wp:attachment":[{"href":"https:\/\/goiasemtempo.com.br\/home\/wp-json\/wp\/v2\/media?parent=27868"}],"wp:term":[{"taxonomy":"category","embeddable":true,"href":"https:\/\/goiasemtempo.com.br\/home\/wp-json\/wp\/v2\/categories?post=27868"},{"taxonomy":"post_tag","embeddable":true,"href":"https:\/\/goiasemtempo.com.br\/home\/wp-json\/wp\/v2\/tags?post=27868"}],"curies":[{"name":"wp","href":"https:\/\/api.w.org\/{rel}","templated":true}]}}