{"id":27866,"date":"2018-03-17T23:38:39","date_gmt":"2018-03-17T23:38:39","guid":{"rendered":"https:\/\/goiasemtempo.com.br\/home\/?p=27866"},"modified":"2018-03-17T23:38:39","modified_gmt":"2018-03-17T23:38:39","slug":"inflacao-na-saida-das-fabricas-fica-em-043-em-janeiro","status":"publish","type":"post","link":"https:\/\/goiasemtempo.com.br\/home\/inflacao-na-saida-das-fabricas-fica-em-043-em-janeiro\/","title":{"rendered":"Infla\u00e7\u00e3o na sa\u00edda das f\u00e1bricas fica em 0,43% em janeiro"},"content":{"rendered":"<p>O \u00cdndice de Pre\u00e7os ao Produtor (IPP), que mede a varia\u00e7\u00e3o de pre\u00e7os dos produtos industrializados na sa\u00edda das f\u00e1bricas brasileiras, registrou infla\u00e7\u00e3o de 0,43% em janeiro deste ano. A taxa \u00e9 superior \u00e0s observadas em dezembro (0,42%) e janeiro de 2017 (0,30%).<\/p>\n<p>Em 12 meses, o IPP acumula infla\u00e7\u00e3o de 4,28%, segundo dados divulgados hoje (2) pelo Instituto Brasileiro de Geografia e Estat\u00edstica.<\/p>\n<p>Entre as quatro grandes categorias econ\u00f4micas, apenas os bens de consumo semi e n\u00e3o dur\u00e1veis registraram defla\u00e7\u00e3o (queda de pre\u00e7os) em janeiro: -0,54%.<\/p>\n<p>Os bens de consumo dur\u00e1veis tiveram a maior varia\u00e7\u00e3o de pre\u00e7os, com uma alta de 1,07% no m\u00eas. Tamb\u00e9m registraram infla\u00e7\u00e3o os bens intermedi\u00e1rios, isto \u00e9, os insumos industrializados usados no setor produtivo (0,84%), e os bens de capital, isto \u00e9, as m\u00e1quinas e equipamentos (0,14%).<\/p>\n<p>Das 24 atividades industriais pesquisadas, 12 apresentaram varia\u00e7\u00e3o positiva. Os principais impactos na infla\u00e7\u00e3o vieram do refino do petr\u00f3leo e produtos de \u00e1lcool (3,15%), outros produtos qu\u00edmicos (1,84%) e ve\u00edculos automotores (1,27%).<\/p>\n<p>Com uma defla\u00e7\u00e3o de 1,08%, os alimentos foram os principais respons\u00e1veis por frear a infla\u00e7\u00e3o medida pelo IPP em janeiro.<\/p>\n<p>Edi\u00e7\u00e3o: Val\u00e9ria Aguiar<\/p>\n","protected":false},"excerpt":{"rendered":"<p>O \u00cdndice de Pre\u00e7os ao Produtor (IPP), que mede a varia\u00e7\u00e3o de pre\u00e7os dos produtos industrializados na sa\u00edda das f\u00e1bricas brasileiras, registrou infla\u00e7\u00e3o de 0,43% em janeiro deste ano. A taxa \u00e9 superior \u00e0s observadas em dezembro (0,42%) e janeiro de 2017 (0,30%). Em 12 meses, o IPP acumula infla\u00e7\u00e3o de 4,28%, segundo dados divulgados &hellip;<\/p>\n","protected":false},"author":2,"featured_media":26659,"comment_status":"open","ping_status":"open","sticky":false,"template":"","format":"standard","meta":{"footnotes":""},"categories":[4],"tags":[],"class_list":["post-27866","post","type-post","status-publish","format-standard","has-post-thumbnail","hentry","category-ultimas-noticias"],"_links":{"self":[{"href":"https:\/\/goiasemtempo.com.br\/home\/wp-json\/wp\/v2\/posts\/27866","targetHints":{"allow":["GET"]}}],"collection":[{"href":"https:\/\/goiasemtempo.com.br\/home\/wp-json\/wp\/v2\/posts"}],"about":[{"href":"https:\/\/goiasemtempo.com.br\/home\/wp-json\/wp\/v2\/types\/post"}],"author":[{"embeddable":true,"href":"https:\/\/goiasemtempo.com.br\/home\/wp-json\/wp\/v2\/users\/2"}],"replies":[{"embeddable":true,"href":"https:\/\/goiasemtempo.com.br\/home\/wp-json\/wp\/v2\/comments?post=27866"}],"version-history":[{"count":1,"href":"https:\/\/goiasemtempo.com.br\/home\/wp-json\/wp\/v2\/posts\/27866\/revisions"}],"predecessor-version":[{"id":27867,"href":"https:\/\/goiasemtempo.com.br\/home\/wp-json\/wp\/v2\/posts\/27866\/revisions\/27867"}],"wp:featuredmedia":[{"embeddable":true,"href":"https:\/\/goiasemtempo.com.br\/home\/wp-json\/wp\/v2\/media\/26659"}],"wp:attachment":[{"href":"https:\/\/goiasemtempo.com.br\/home\/wp-json\/wp\/v2\/media?parent=27866"}],"wp:term":[{"taxonomy":"category","embeddable":true,"href":"https:\/\/goiasemtempo.com.br\/home\/wp-json\/wp\/v2\/categories?post=27866"},{"taxonomy":"post_tag","embeddable":true,"href":"https:\/\/goiasemtempo.com.br\/home\/wp-json\/wp\/v2\/tags?post=27866"}],"curies":[{"name":"wp","href":"https:\/\/api.w.org\/{rel}","templated":true}]}}