{"id":27844,"date":"2018-03-17T23:30:42","date_gmt":"2018-03-17T23:30:42","guid":{"rendered":"https:\/\/goiasemtempo.com.br\/home\/?p=27844"},"modified":"2018-03-17T23:30:42","modified_gmt":"2018-03-17T23:30:42","slug":"ministro-da-cultura-oficializa-eventos-do-programa-rio-de-janeiro-a-janeiro","status":"publish","type":"post","link":"https:\/\/goiasemtempo.com.br\/home\/ministro-da-cultura-oficializa-eventos-do-programa-rio-de-janeiro-a-janeiro\/","title":{"rendered":"Ministro da Cultura oficializa eventos do programa Rio de Janeiro a Janeiro"},"content":{"rendered":"<p>O Minist\u00e9rio da Cultura oficializou hoje (2) a lista final de eventos que v\u00e3o integrar o programa Rio de Janeiro a Janeiro, uma parceria entre os governos federal e estadual e a prefeitura do Rio, que tem como objetivo estimular a gera\u00e7\u00e3o de renda, emprego e inclus\u00e3o a partir da economia criativa, impulsionando o desenvolvimento da cidade e do estado.<\/p>\n<p>Na avalia\u00e7\u00e3o final, que contou com a colabora\u00e7\u00e3o da Funda\u00e7\u00e3o Getulio Vargas (FGV), foram analisados 617 eventos. Destes, 154 superaram os crit\u00e9rios adotados e foram considerados excelentes em termos de impacto e de retorno econ\u00f4mico e social. Os demais projetos tamb\u00e9m integram o calend\u00e1rio oficial de eventos.<\/p>\n<p>O an\u00fancio foi feito pelo ministro da Cultura, S\u00e9rgio S\u00e1 Leit\u00e3o, em solenidade no Museu de Arte do Rio (MAR). Segundo S\u00e1 leit\u00e3o, os 154 projetos mais bem avaliados t\u00eam potencial para injetar at\u00e9 R$ 13,2 bih\u00f5es na economia e gerar 351 mil empregos no estado. Tais propostas ser\u00e3o chancelados pelo programa e poder\u00e3o participar de rodadas com empresas estatais em busca de patroc\u00ednio. Destes eventos, 62% s\u00e3o culturais, 26% esportivos e 12%, corporativos. O Rio ser\u00e1 sede de 128 deles, o que equivale a 83% do total, e 26 ter\u00e3o lugar em outras cidades (17%).<\/p>\n<p>Al\u00e9m de injetar R$ 13,2 bilh\u00f5es na economia e gerar cerca de 351 mil empregos, os projetos propiciar\u00e3o aos cofres p\u00fablicos a arrecada\u00e7\u00e3o de R$ 773 milh\u00f5es em tributos. Em contrapartida, exigir\u00e3o investimentos estimados em R$ 1,06 bilh\u00e3o.<\/p>\n<p>Em entrevista, S\u00e1 leit\u00e3o ressaltou que a iniciativa vai estruturar os eventos previstos de forma a melhor explorar o turismo no estado. \u201cAs atividades culturais e criativas j\u00e1 respondem por 3,9% do PIB [Produto Interno Bruto] do estado do Rio, afirmou o ministro. Quando se juntam essas duas voca\u00e7\u00f5es do estado, o potencial de desenvolvimento econ\u00f4mico, de gera\u00e7\u00e3o de renda, de emprego e de inclus\u00e3o social \u00e9 imenso, acrescentou. E o calend\u00e1rio visa justamente organizar e estruturar os eventos, para atrair mais turistas e, consequentemente, investimentos decorrentes dos gastos feitos por eles, de modo a recolocar o Rio no caminho do desenvolvimento econ\u00f4mico.\u201d<\/p>\n<p>S\u00e1 Leit\u00e3o informou que os 617 projetos selecionados poder\u00e3o captar recursos por meio das leis municipais, estaduais e federais de incentivo. \u201cTodos s\u00e3o importantes e podem se beneficiar de isen\u00e7\u00f5es fiscais e captar recursos por meio das leis municipais, estaduais e federais de incentivo\u201d. Segundo o Minist\u00e9rio da Cultura, ao avaliar os eventos, a FGV levou em considera\u00e7\u00e3o o potencial de impacto no turismo, na gera\u00e7\u00e3o de renda e emprego, na atra\u00e7\u00e3o de investimento e na inclus\u00e3o social e o potencial de expans\u00e3o e de continuidade.<\/p>\n<p>Investimentos federais<\/p>\n<p>O ministro S\u00e1 Leit\u00e3o informou que o governo federal vai investir R$ 150 milh\u00f5es nos eventos selecionados, por meio de patroc\u00ednios de empresas estatais e das leis federais de Incentivo. O impacto cultural, social e econ\u00f4mico de todos os eventos do programa Rio de Janeiro a Janeiro ser\u00e1 mensurado pela FGV, que vai acompanhar o desenvolvimento dos projetos, com relat\u00f3rios trimestrais e uma avalia\u00e7\u00e3o final.<\/p>\n<p>Estudo da FGV feito no R\u00e9veillon, por exemplo, mostrou que o evento teve impacto global na economia da capital de R$ 1,92 bilh\u00e3o.<\/p>\n<p>O ministro aproveitou a solenidade desta sexta-feira para divulgar os n\u00fameros relativos ao carnaval deste ano, um dos principais eventos do programa Rio de Janeiro a Janeiro. Segundo ele, o carnaval atraiu ao Rio 6,5 milh\u00f5es de pessoas e injetou R$ 3,02 bilh\u00f5es na economia. \u201cO valor \u00e9 6,8% maior do que o registrado no carnaval de 2017, um aumento significativo, considerando que a infla\u00e7\u00e3o foi de 2,95% e a economia cresceu 1% no ano passado.\u201d  Os dados tamb\u00e9m s\u00e3o resultado de pesquisa feita pela FGV para o Minist\u00e9rio da Cultura.<\/p>\n<p>Conforme a pesquisa, o carnaval gerou 72 mil postos de trabalho, com crescimento de 6,8% em rela\u00e7\u00e3o a 2017. O volume de impostos arrecadados tamb\u00e9m aumentou: foram R$ 179 milh\u00f5es em tributos, com alta de 6,6%. A FGV constatou ainda que o fluxo de turistas no Rio aumentou 7,6% em compara\u00e7\u00e3o com o do ano passado, com um total de 1,05 milh\u00e3o de pessoas passando pela cidade. Desse total, 931 mil eram brasileiros e 124 mil, estrangeiros.<\/p>\n<p>Edi\u00e7\u00e3o: N\u00e1dia Franco<\/p>\n","protected":false},"excerpt":{"rendered":"<p>O Minist\u00e9rio da Cultura oficializou hoje (2) a lista final de eventos que v\u00e3o integrar o programa Rio de Janeiro a Janeiro, uma parceria entre os governos federal e estadual e a prefeitura do Rio, que tem como objetivo estimular a gera\u00e7\u00e3o de renda, emprego e inclus\u00e3o a partir da economia criativa, impulsionando o desenvolvimento &hellip;<\/p>\n","protected":false},"author":2,"featured_media":26648,"comment_status":"open","ping_status":"open","sticky":false,"template":"","format":"standard","meta":{"footnotes":""},"categories":[4],"tags":[],"class_list":["post-27844","post","type-post","status-publish","format-standard","has-post-thumbnail","hentry","category-ultimas-noticias"],"_links":{"self":[{"href":"https:\/\/goiasemtempo.com.br\/home\/wp-json\/wp\/v2\/posts\/27844","targetHints":{"allow":["GET"]}}],"collection":[{"href":"https:\/\/goiasemtempo.com.br\/home\/wp-json\/wp\/v2\/posts"}],"about":[{"href":"https:\/\/goiasemtempo.com.br\/home\/wp-json\/wp\/v2\/types\/post"}],"author":[{"embeddable":true,"href":"https:\/\/goiasemtempo.com.br\/home\/wp-json\/wp\/v2\/users\/2"}],"replies":[{"embeddable":true,"href":"https:\/\/goiasemtempo.com.br\/home\/wp-json\/wp\/v2\/comments?post=27844"}],"version-history":[{"count":1,"href":"https:\/\/goiasemtempo.com.br\/home\/wp-json\/wp\/v2\/posts\/27844\/revisions"}],"predecessor-version":[{"id":27845,"href":"https:\/\/goiasemtempo.com.br\/home\/wp-json\/wp\/v2\/posts\/27844\/revisions\/27845"}],"wp:featuredmedia":[{"embeddable":true,"href":"https:\/\/goiasemtempo.com.br\/home\/wp-json\/wp\/v2\/media\/26648"}],"wp:attachment":[{"href":"https:\/\/goiasemtempo.com.br\/home\/wp-json\/wp\/v2\/media?parent=27844"}],"wp:term":[{"taxonomy":"category","embeddable":true,"href":"https:\/\/goiasemtempo.com.br\/home\/wp-json\/wp\/v2\/categories?post=27844"},{"taxonomy":"post_tag","embeddable":true,"href":"https:\/\/goiasemtempo.com.br\/home\/wp-json\/wp\/v2\/tags?post=27844"}],"curies":[{"name":"wp","href":"https:\/\/api.w.org\/{rel}","templated":true}]}}