{"id":27766,"date":"2018-03-17T23:02:28","date_gmt":"2018-03-17T23:02:28","guid":{"rendered":"https:\/\/goiasemtempo.com.br\/home\/?p=27766"},"modified":"2018-03-17T23:02:28","modified_gmt":"2018-03-17T23:02:28","slug":"electrolux-vai-suspender-investimentos-nos-eua-com-tarifas-de-trump","status":"publish","type":"post","link":"https:\/\/goiasemtempo.com.br\/home\/electrolux-vai-suspender-investimentos-nos-eua-com-tarifas-de-trump\/","title":{"rendered":"Electrolux vai suspender investimentos nos EUA com tarifas de Trump"},"content":{"rendered":"<p>A fabricante sueca de eletrodom\u00e9sticos Electrolux anunciou, nesta sexta-feira, que ir\u00e1 suspender seus investimentos nos Estados Unidos na sequ\u00eancia do an\u00fancio do presidente Donald Trump de que pretende imp\u00f4r tarifas sobre as importa\u00e7\u00f5es de a\u00e7o e alum\u00ednio<\/p>\n<p>A fabricante sueca de eletrodom\u00e9sticos Electrolux anunciou, nesta sexta-feira, que ir\u00e1 suspender seus investimentos nos Estados Unidos na sequ\u00eancia do an\u00fancio do presidente Donald Trump de que pretende imp\u00f4r tarifas sobre as importa\u00e7\u00f5es de a\u00e7o e alum\u00ednio.<\/p>\n<p>Estamos congelando nossos investimentos, disse o porta-voz da Electrolux, Daniel Frykholm, \u00e0 ag\u00eancia de not\u00edcias sueca TT.<\/p>\n<p>Precisamos analisar os impostos e ver como o mercado reage, disse ele. Mas, para ser claro: esta \u00e9 uma mensagem para o governo (de Trump), isso \u00e9 realmente negativo para n\u00f3s.<\/p>\n<p>De acordo com o canal de televis\u00e3o p\u00fablico sueco SVT, o investimento de 250 milh\u00f5es de d\u00f3lares seria destinado a modernizar uma f\u00e1brica da Electrolux.<\/p>\n<p>Frykholm disse que a inten\u00e7\u00e3o da Trump de imp\u00f4r tarifas de 25% ao a\u00e7o e 10% ao alum\u00ednio importado pelos Estados Unidos poderia tornar economicamente injustific\u00e1vel o investimento planejado na f\u00e1brica.<\/p>\n","protected":false},"excerpt":{"rendered":"<p>A fabricante sueca de eletrodom\u00e9sticos Electrolux anunciou, nesta sexta-feira, que ir\u00e1 suspender seus investimentos nos Estados Unidos na sequ\u00eancia do an\u00fancio do presidente Donald Trump de que pretende imp\u00f4r tarifas sobre as importa\u00e7\u00f5es de a\u00e7o e alum\u00ednio A fabricante sueca de eletrodom\u00e9sticos Electrolux anunciou, nesta sexta-feira, que ir\u00e1 suspender seus investimentos nos Estados Unidos na &hellip;<\/p>\n","protected":false},"author":2,"featured_media":26609,"comment_status":"open","ping_status":"open","sticky":false,"template":"","format":"standard","meta":{"footnotes":""},"categories":[4],"tags":[],"class_list":["post-27766","post","type-post","status-publish","format-standard","has-post-thumbnail","hentry","category-ultimas-noticias"],"_links":{"self":[{"href":"https:\/\/goiasemtempo.com.br\/home\/wp-json\/wp\/v2\/posts\/27766","targetHints":{"allow":["GET"]}}],"collection":[{"href":"https:\/\/goiasemtempo.com.br\/home\/wp-json\/wp\/v2\/posts"}],"about":[{"href":"https:\/\/goiasemtempo.com.br\/home\/wp-json\/wp\/v2\/types\/post"}],"author":[{"embeddable":true,"href":"https:\/\/goiasemtempo.com.br\/home\/wp-json\/wp\/v2\/users\/2"}],"replies":[{"embeddable":true,"href":"https:\/\/goiasemtempo.com.br\/home\/wp-json\/wp\/v2\/comments?post=27766"}],"version-history":[{"count":1,"href":"https:\/\/goiasemtempo.com.br\/home\/wp-json\/wp\/v2\/posts\/27766\/revisions"}],"predecessor-version":[{"id":27767,"href":"https:\/\/goiasemtempo.com.br\/home\/wp-json\/wp\/v2\/posts\/27766\/revisions\/27767"}],"wp:featuredmedia":[{"embeddable":true,"href":"https:\/\/goiasemtempo.com.br\/home\/wp-json\/wp\/v2\/media\/26609"}],"wp:attachment":[{"href":"https:\/\/goiasemtempo.com.br\/home\/wp-json\/wp\/v2\/media?parent=27766"}],"wp:term":[{"taxonomy":"category","embeddable":true,"href":"https:\/\/goiasemtempo.com.br\/home\/wp-json\/wp\/v2\/categories?post=27766"},{"taxonomy":"post_tag","embeddable":true,"href":"https:\/\/goiasemtempo.com.br\/home\/wp-json\/wp\/v2\/tags?post=27766"}],"curies":[{"name":"wp","href":"https:\/\/api.w.org\/{rel}","templated":true}]}}