{"id":27764,"date":"2018-03-17T23:01:47","date_gmt":"2018-03-17T23:01:47","guid":{"rendered":"https:\/\/goiasemtempo.com.br\/home\/?p=27764"},"modified":"2018-03-17T23:01:47","modified_gmt":"2018-03-17T23:01:47","slug":"guerra-do-aco-e-um-risco-para-comercio-e-trabalhadores-americanos","status":"publish","type":"post","link":"https:\/\/goiasemtempo.com.br\/home\/guerra-do-aco-e-um-risco-para-comercio-e-trabalhadores-americanos\/","title":{"rendered":"Guerra do a\u00e7o \u00e9 um risco para com\u00e9rcio e trabalhadores americanos"},"content":{"rendered":"<p>Com a imposi\u00e7\u00e3o de tarifas aduaneiras sobre as importa\u00e7\u00f5es de a\u00e7o e alum\u00ednio, Donald Trump espera proteger empregos em seu pa\u00eds, mas sua pol\u00edtica irritou parceiros comerciais e poderia custar caro aos trabalhadores americanos<\/p>\n<p>Com a imposi\u00e7\u00e3o de tarifas aduaneiras sobre as importa\u00e7\u00f5es de a\u00e7o e alum\u00ednio, Donald Trump espera proteger empregos em seu pa\u00eds, mas sua pol\u00edtica irritou parceiros comerciais e poderia custar caro aos trabalhadores americanos, avaliam especialistas consultados pela AFP.<\/p>\n<p>Trump disse nesta quinta-feira que na pr\u00f3xima semana anunciar\u00e1 a imposi\u00e7\u00e3o de taxas de 25% sobre o a\u00e7o e de 10% sobre o alum\u00ednio importados pelos Estados Unidos.<\/p>\n<p>O an\u00fancio despertou uma onda de indigna\u00e7\u00e3o entre os principais s\u00f3cios comerciais dos Estados Unidos, como Canad\u00e1, Uni\u00e3o Europeia, China e M\u00e9xico, muitos deles produtores dos materiais, o que desperta o temor de uma guerra comercial.<\/p>\n<p>O a\u00e7o e o alum\u00ednio &#8211; este \u00faltimo em menor propor\u00e7\u00e3o &#8211; est\u00e3o no centro das tens\u00f5es comerciais, a n\u00edvel mundial, h\u00e1 anos.<\/p>\n<p>Isto se deve a uma superprodu\u00e7\u00e3o de a\u00e7o a n\u00edvel mundial e aos empregos estarem concentrados nas regi\u00f5es que sofreram processos desindustrializa\u00e7\u00e3o, explica \u00e0 AFP Nigel Driffield, professor de com\u00e9rcio internacional na Warwick Business School.<\/p>\n<p>A import\u00e2ncia do a\u00e7o e do alum\u00ednio no com\u00e9rcio mundial tamb\u00e9m \u00e9 explicada por seu uso em v\u00e1rios setores cruciais, entre eles a constru\u00e7\u00e3o e as infraestruturas, equipamentos mec\u00e2nicos e a ind\u00fastria automotiva.<\/p>\n<p>&#8211; Brasil entre os mais prejudicados &#8211;<\/p>\n<p>H\u00e1 tamb\u00e9m tens\u00f5es no Ocidente entre os produtores de a\u00e7o e os que compram a\u00e7o mais barato proveniente da \u00c1sia, explica Driffield.<\/p>\n<p>No ano passado, os Estados Unidos importaram 35,6 milh\u00f5es de toneladas de a\u00e7o, ou seja 36% de seu consumo, ou o equivalente a 33,6 bilh\u00f5es de d\u00f3lares, segundo dados da consultoria Wood Mackenzie.<\/p>\n<p>Apenas 2,9% das importa\u00e7\u00f5es americanas vieram da China.<\/p>\n<p>As tarifas n\u00e3o ter\u00e3o muito impacto nas exporta\u00e7\u00f5es da a\u00e7o chin\u00eas, e a China n\u00e3o tem tanto a perder como os parceiros comerciais tradicionais dos Estados Unidos, afirma Ming He, da Wood Mackenzie.<\/p>\n<p>As medidas protecionistas contempladas ter\u00e3o mais efeitos negativos sobre as importa\u00e7\u00f5es de a\u00e7o proveniente de Canad\u00e1, M\u00e9xico e Brasil, avalia o analista. A Coreia do Sul ser\u00e1 bastante afetada, segundo ele.<\/p>\n<p>A pol\u00edtica de Trump indignou seus parceiros internacionais, mas tamb\u00e9m poderia ter consequ\u00eancias no \u00e2mbito dom\u00e9stico.<\/p>\n<p>&#8211; Curto prazo &#8211;<\/p>\n<p>Esta pol\u00edtica se dirige ao eleitorado do Cintur\u00e3o da Ferrugem, uma regi\u00e3o do nordeste dos Estados Unidos, onde estavam instaladas as ind\u00fastrias pesadas do pa\u00eds, hoje em decl\u00ednio.<\/p>\n<p>Os eleitores de Trump v\u00e3o receber positivamente o an\u00fancio do presidente, j\u00e1 que t\u00eam a impress\u00e3o de terem sido afetados injustamente pela concorr\u00eancia da \u00c1sia, explica Driffield.<\/p>\n<p>Mas de forma geral, as medidas de protecionismo generalizadas como esta funcionam apenas a curto prazo, acrescenta.<\/p>\n<p>Os trabalhadores americanos que Trump quer seduzir podem acabar sendo as maiores v\u00edtimas de sua pol\u00edtica econ\u00f4mica.<\/p>\n<p>As tarifas sobre o a\u00e7o n\u00e3o v\u00e3o resolver o problema subjacente &#8211; os altos custos da ind\u00fastria sider\u00fargica americana &#8211; que obrigou os usu\u00e1rios a buscarem importa\u00e7\u00f5es mais baratas, conclui Ming He.<\/p>\n<p>A inten\u00e7\u00e3o de Donald Trump \u00e9 proteger os trabalhadores dos setores de alum\u00ednio e a\u00e7o, mas isso ser\u00e1 neutralizado por mais perdas de empregos nas ind\u00fastrias que consomem muitos metais, como a automobil\u00edstica, alerta.<\/p>\n","protected":false},"excerpt":{"rendered":"<p>Com a imposi\u00e7\u00e3o de tarifas aduaneiras sobre as importa\u00e7\u00f5es de a\u00e7o e alum\u00ednio, Donald Trump espera proteger empregos em seu pa\u00eds, mas sua pol\u00edtica irritou parceiros comerciais e poderia custar caro aos trabalhadores americanos Com a imposi\u00e7\u00e3o de tarifas aduaneiras sobre as importa\u00e7\u00f5es de a\u00e7o e alum\u00ednio, Donald Trump espera proteger empregos em seu pa\u00eds, &hellip;<\/p>\n","protected":false},"author":2,"featured_media":26608,"comment_status":"open","ping_status":"open","sticky":false,"template":"","format":"standard","meta":{"footnotes":""},"categories":[4],"tags":[],"class_list":["post-27764","post","type-post","status-publish","format-standard","has-post-thumbnail","hentry","category-ultimas-noticias"],"_links":{"self":[{"href":"https:\/\/goiasemtempo.com.br\/home\/wp-json\/wp\/v2\/posts\/27764","targetHints":{"allow":["GET"]}}],"collection":[{"href":"https:\/\/goiasemtempo.com.br\/home\/wp-json\/wp\/v2\/posts"}],"about":[{"href":"https:\/\/goiasemtempo.com.br\/home\/wp-json\/wp\/v2\/types\/post"}],"author":[{"embeddable":true,"href":"https:\/\/goiasemtempo.com.br\/home\/wp-json\/wp\/v2\/users\/2"}],"replies":[{"embeddable":true,"href":"https:\/\/goiasemtempo.com.br\/home\/wp-json\/wp\/v2\/comments?post=27764"}],"version-history":[{"count":1,"href":"https:\/\/goiasemtempo.com.br\/home\/wp-json\/wp\/v2\/posts\/27764\/revisions"}],"predecessor-version":[{"id":27765,"href":"https:\/\/goiasemtempo.com.br\/home\/wp-json\/wp\/v2\/posts\/27764\/revisions\/27765"}],"wp:featuredmedia":[{"embeddable":true,"href":"https:\/\/goiasemtempo.com.br\/home\/wp-json\/wp\/v2\/media\/26608"}],"wp:attachment":[{"href":"https:\/\/goiasemtempo.com.br\/home\/wp-json\/wp\/v2\/media?parent=27764"}],"wp:term":[{"taxonomy":"category","embeddable":true,"href":"https:\/\/goiasemtempo.com.br\/home\/wp-json\/wp\/v2\/categories?post=27764"},{"taxonomy":"post_tag","embeddable":true,"href":"https:\/\/goiasemtempo.com.br\/home\/wp-json\/wp\/v2\/tags?post=27764"}],"curies":[{"name":"wp","href":"https:\/\/api.w.org\/{rel}","templated":true}]}}