{"id":2774,"date":"2017-12-23T04:35:23","date_gmt":"2017-12-23T04:35:23","guid":{"rendered":"http:\/\/goiasemtempo.com.br\/home\/?p=2774"},"modified":"2017-12-23T04:35:23","modified_gmt":"2017-12-23T04:35:23","slug":"arabia-saudita-e-eau-doam-e-130-mi-para-luta-antiterrorista-no-sahel","status":"publish","type":"post","link":"https:\/\/goiasemtempo.com.br\/home\/arabia-saudita-e-eau-doam-e-130-mi-para-luta-antiterrorista-no-sahel\/","title":{"rendered":"Ar\u00e1bia Saudita e EAU doam \u20ac 130 mi para luta antiterrorista no Sahel"},"content":{"rendered":"<p>A for\u00e7a multinacional de luta anti-extremista no deserto africano do Sahel recebeu, nesta quarta-feira (13), 130 milh\u00f5es de euros em contribui\u00e7\u00f5es de Ar\u00e1bia Saudita e Emirados \u00c1rabes Unidos para financiar o seu funcionamento.<\/p>\n<p>Em uma c\u00fapula de dirigentes europeus e africanos no sub\u00farbio de Paris, o presidente franc\u00eas, Emmanuel Macron, advertiu que a luta anti-extremista no deserto africano est\u00e1 em seu auge e o objetivo \u00e9 alcan\u00e7ar vit\u00f3rias no primeiro semestre de 2018.<\/p>\n<p>O principal an\u00fancio da reuni\u00e3o foi a decis\u00e3o da Ar\u00e1bia Saudita, representada por seu ministro das Rela\u00e7\u00f5es Exteriores, Adel al-Jubeir, de contribuir com at\u00e9 100 milh\u00f5es de euros \u00e0 for\u00e7a G5 do Sahel.<\/p>\n<p>Os Emirados \u00c1rabes Unidos, por sua vez, anunciaram que contribuir\u00e3o com 30 milh\u00f5es de euros para a for\u00e7a, cujas necessidades para que seja eficazmente operativa superam os 250 milh\u00f5es de euros.<\/p>\n<p>Com os an\u00fancios de hoje, a for\u00e7a j\u00e1 tinha prometidas contribui\u00e7\u00f5es de 248 milh\u00f5es de euros se forem acrescentados os \u20ac 50 milh\u00f5es da Uni\u00e3o Europeia, os \u20ac 10 milh\u00f5es de cada um dos cinco pa\u00edses participantes (N\u00edger, Burquina Faso, Chade, Mali e Maurit\u00e2nia) e \u20ac 8 milh\u00f5es da Fran\u00e7a. A esse valor deve ser somada uma promessa americana de 60 milh\u00f5es de d\u00f3lares (pouco mais de \u20ac 50 milh\u00f5es).<\/p>\n<p>A reuni\u00e3o contou com a presen\u00e7a dos presidentes do G5 do Sahel: o malin\u00eas Ibrahim Boubakar Keita, o nigerino Mahamadou Issoufou, o burquinense Roch Marc Christian Kabor\u00e9, o chadiano Idriss D\u00e9by e o mauritano Mohamed Uld Abdelaziz.<\/p>\n<p>Devemos ganhar a guerra contra o terrorismo na zona sahelo-saariana, posto que est\u00e1 em seu auge. H\u00e1 ataques a cada dia, h\u00e1 Estados que se encontram amea\u00e7ados, explicou Macron ap\u00f3s finalizar uma reuni\u00e3o nos arredores de Paris, destinada a acelerar o trabalho do G5 do Sahel, integrada por soldados de cincos pa\u00edses na regi\u00e3o.<\/p>\n<p>A iniciativa G5 do Sahel, lan\u00e7ada no in\u00edcio do ano, aspira a montar uma for\u00e7a de 5.000 soldados, composta por militares dos cinco pa\u00edses envolvidos, daqui at\u00e9 meados de 2018.<\/p>\n<p>Essa alian\u00e7a j\u00e1 tem um quartel-general na cidade malinesa de Sevare, e realizou uma primeira opera\u00e7\u00e3o na zona das tr\u00eas fronteiras, entre Mali, N\u00edger e Burquina Faso.<\/p>\n<p>Seu objetivo \u00e9 reconquistar e garantir a seguran\u00e7a das zonas onde os grupos extremistas realizam a\u00e7\u00f5es surpresa antes de se dispersarem no imenso deserto do Sahel, uma regi\u00e3o t\u00e3o extensa quanto a Europa.<\/p>\n<p>Esses extremistas s\u00e3o centenas &#8211; entre 500 e 800, segundo estimativas -, mas conservam a capacidade de enfraquecer Estados muito fr\u00e1geis.<\/p>\n<p>A maioria dos combatentes extremistas foi expulsa pela interven\u00e7\u00e3o militar internacional lan\u00e7ada em janeiro de 2013 por iniciativa da Fran\u00e7a, mas ganharam um novo impulso no norte do Mali apesar da presen\u00e7a de 12.000 capacetes azuis e da for\u00e7a francesa Barkhane, que conta com 4.000 soldados na regi\u00e3o.<\/p>\n<p>Os extremistas multiplicaram os ataques contra essas tropas estrangeiras e o Ex\u00e9rcito malinense, e em 2017 estenderam suas a\u00e7\u00f5es para o centro e sul do Mali, na fronteira com N\u00edger e Burquina Faso, que muitas vezes s\u00e3o cen\u00e1rio de seus atentados.<\/p>\n<p>A luta contra os grupos extremistas tamb\u00e9m sofre as consequ\u00eancias das falhas do processo de paz no Mali, que n\u00e3o consegue reconciliar as diferentes partes do sul e norte do pa\u00eds.<\/p>\n<p>O G5 do Sahel tamb\u00e9m tem um problema de ordem econ\u00f4mica, j\u00e1 que os pa\u00edses que o comp\u00f5em est\u00e3o entre os mais pobres do mundo e, portanto, n\u00e3o podem mobilizar os 250 milh\u00f5es de euros necess\u00e1rios para a for\u00e7a conjunta.<\/p>\n","protected":false},"excerpt":{"rendered":"<p>A for\u00e7a multinacional de luta anti-extremista no deserto africano do Sahel recebeu, nesta quarta-feira (13), 130 milh\u00f5es de euros em contribui\u00e7\u00f5es de Ar\u00e1bia Saudita e Emirados \u00c1rabes Unidos para financiar o seu funcionamento. Em uma c\u00fapula de dirigentes europeus e africanos no sub\u00farbio de Paris, o presidente franc\u00eas, Emmanuel Macron, advertiu que a luta anti-extremista &hellip;<\/p>\n","protected":false},"author":2,"featured_media":1806,"comment_status":"open","ping_status":"open","sticky":false,"template":"","format":"standard","meta":{"footnotes":""},"categories":[4],"tags":[],"class_list":["post-2774","post","type-post","status-publish","format-standard","has-post-thumbnail","hentry","category-ultimas-noticias"],"_links":{"self":[{"href":"https:\/\/goiasemtempo.com.br\/home\/wp-json\/wp\/v2\/posts\/2774","targetHints":{"allow":["GET"]}}],"collection":[{"href":"https:\/\/goiasemtempo.com.br\/home\/wp-json\/wp\/v2\/posts"}],"about":[{"href":"https:\/\/goiasemtempo.com.br\/home\/wp-json\/wp\/v2\/types\/post"}],"author":[{"embeddable":true,"href":"https:\/\/goiasemtempo.com.br\/home\/wp-json\/wp\/v2\/users\/2"}],"replies":[{"embeddable":true,"href":"https:\/\/goiasemtempo.com.br\/home\/wp-json\/wp\/v2\/comments?post=2774"}],"version-history":[{"count":1,"href":"https:\/\/goiasemtempo.com.br\/home\/wp-json\/wp\/v2\/posts\/2774\/revisions"}],"predecessor-version":[{"id":2775,"href":"https:\/\/goiasemtempo.com.br\/home\/wp-json\/wp\/v2\/posts\/2774\/revisions\/2775"}],"wp:featuredmedia":[{"embeddable":true,"href":"https:\/\/goiasemtempo.com.br\/home\/wp-json\/wp\/v2\/media\/1806"}],"wp:attachment":[{"href":"https:\/\/goiasemtempo.com.br\/home\/wp-json\/wp\/v2\/media?parent=2774"}],"wp:term":[{"taxonomy":"category","embeddable":true,"href":"https:\/\/goiasemtempo.com.br\/home\/wp-json\/wp\/v2\/categories?post=2774"},{"taxonomy":"post_tag","embeddable":true,"href":"https:\/\/goiasemtempo.com.br\/home\/wp-json\/wp\/v2\/tags?post=2774"}],"curies":[{"name":"wp","href":"https:\/\/api.w.org\/{rel}","templated":true}]}}